{"id":1458,"date":"2007-06-21T13:21:45","date_gmt":"2007-06-21T12:21:45","guid":{"rendered":"http:\/\/heijbel.wordpress.com\/2007\/06\/21\/nyhetsbrev-24-magi-och-utmarkelser"},"modified":"2007-06-21T13:21:45","modified_gmt":"2007-06-21T12:21:45","slug":"nyhetsbrev-24-magi-och-utmarkelser","status":"publish","type":"post","link":"https:\/\/storytellers.se\/?p=1458","title":{"rendered":"Nyhetsbrev 24: Magi och utm\u00e4rkelser"},"content":{"rendered":"<p>N\u00e4mare 1700 prenumeranter har i dag f\u00e5tt detta nyhetsbrev. Vill du ocks\u00e5 ha det l\u00f6pande s\u00e5 kan du anm\u00e4la dig en bit ned i h\u00f6gerkanten p\u00e5 storytellers.se \u00f6ppningssidan. Det \u00e4r sj\u00e4lvfallet kostnadsfritt.<\/p>\n<p><!--more--><br \/>\nNyhetsbrev 24<br \/>\nSv\u00e5rl\u00e4st? G\u00e5 till: http:\/\/storytellers.se<br \/>\nHej v\u00e4n av Corporate Storytelling. Jag brukar inte gilla<br \/>\norganisationer som \u00f6nskar glad hit och glad dit. Men<br \/>\nnu kan jag inte l\u00e5ta bli eftersom jag \u00e4r ju faktiskt \u00e4r en<br \/>\nperson, en riktig m\u00e4nniska och du har sj\u00e4lv valt att f\u00e5<br \/>\ndet h\u00e4r brevet d\u00e5 och d\u00e5.<br \/>\nD\u00e4rf\u00f6r \u00f6nskar jag dig  en magisk midsommar. Magisk<br \/>\nf\u00f6r att folktron s\u00e4ger att vi l\u00e5nar naturens magi n\u00e4r vi<br \/>\nplockar midsommarbuketten. En magisk kraft som vi<br \/>\nkan \u00e5teranv\u00e4nda genom att l\u00e4gga buketten i badvattnet<br \/>\nvid juletid, n\u00e4r allt \u00e4r som m\u00f6rkast och naturen som<br \/>\nmest sovande omkring oss.<br \/>\n++++++++++++++++++++++++++++++++++++++<br \/>\nDetta \u00e4r det 24e nyhetsbrevet sen starten 2003. Sen det<br \/>\nf\u00f6rra brevet kom ut har det ramlat in en rad utm\u00e4rkelser<br \/>\noch rankningar kring Corporate Storytelling. Det kan du<br \/>\nl\u00e4sa om p\u00e5 storytellers.se.<br \/>\nDet \u00e4r f\u00f6rtst\u00e5s inte bara jag. Det \u00e4r \u00e4mnet som nu n\u00e5r<br \/>\nut till allt fler. Man kan tro, n\u00e4r man sitter mitt i<br \/>\nkorsningen, eller n\u00e4r man intresserar sig s\u00e5 som du<br \/>\ng\u00f6r, att det vet v\u00e4l alla. Men s\u00e5 \u00e4r det absolut inte.<br \/>\nJusek och Tidningen Personal &amp; Ledarskap gav \u00e5rets<br \/>\npersonalvetarpris till en magisteruppsats om<br \/>\nCorporate Storytelling. Den var skriven av tre studenter<br \/>\nfr\u00e5n V\u00e4xj\u00f6 och jag ber\u00e4ttar om det p\u00e5 storytellers.se.<br \/>\nDet \u00e4r \u00e5tminstone det tredje uppsatspriset p\u00e5 senare<br \/>\n\u00e5r som jag k\u00e4nner till d\u00e4r storytelling varit temat och d\u00e4r<br \/>\njag varit inblandad p\u00e5 ett eller annat s\u00e4tt.<br \/>\nS\u00e5 h\u00e4r skriver studenterna bland annat:<br \/>\n&#8221; Genom att identifiera f\u00f6retagens eller<br \/>\norganisationernas ber\u00e4ttelser om sig sj\u00e4lva, sina<br \/>\nkunder, sina varor och tj\u00e4nster kan dessa anv\u00e4ndas<br \/>\noch mobiliseras i varum\u00e4rkesbyggandet och<br \/>\nmarknadsf\u00f6ringen. Dessa \u00e4r  viktiga mjuka resurser<br \/>\nsom, vid sidan av h\u00e5rda data som siffror, tabeller och<br \/>\ndiagram, kan anv\u00e4ndas f\u00f6r att ge f\u00f6retaget framg\u00e5ng.<br \/>\nDet finns tre huvudnycklar som medverkar till en bra<br \/>\nhistoria. Fattas n\u00e5gon av dessa kommer historien<br \/>\nsannolikt inte att ber\u00e4ttas vidare;<br \/>\nHISTORIEN &#8211; en person ber\u00e4ttar medan en eller flera<br \/>\nlyssnar.<br \/>\nF\u00d6RST\u00c5ELSEN &#8211; samtliga parter, ber\u00e4ttaren och<br \/>\nden\/de som lyssnar, m\u00e5ste f\u00e5 b\u00f6rjan till en djupare<br \/>\nf\u00f6rs\u00e5else f\u00f6r n\u00e5got som innan var ok\u00e4nt eller<br \/>\noutforskat.<br \/>\nDEN DELADE MENINGEN &#8211; grupper anv\u00e4nder en delad<br \/>\nmening som exempelvis en metafor f\u00f6r att se det vidare<br \/>\nperspektivet i det aktuella \u00e4mnet.&#8221;<br \/>\n<a href=\"http:\/\/www.storytellers.se\/txt\/vaxsjo_berattelser.pdf\">Du kan l\u00e4sa uppsatsen h\u00e4r.<\/a><br \/>\n++++++++++++++++++++++++++++++++++++++<br \/>\nNu har jag l\u00e5st in Jante f\u00f6r en stund s\u00e5 jag s\u00e4ger<br \/>\nsnabbt ocks\u00e5 att jag blivit utsedd till \u00c5rets Popretoriker,<br \/>\nmycket tack vare Arlanda Express storydusch p\u00e5<br \/>\nStockholms Central.<br \/>\nJag har ocks\u00e5 f\u00e5tt allra h\u00f6gsta betyg p\u00e5 de senaste<br \/>\nkonferenserna d\u00e4r jag medverkat. \u00c4mnet \u00e4r allts\u00e5<br \/>\ngl\u00f6dhett och magiskt som en midsommarbukett.<br \/>\n++++++++++++++++++++++++++++++++++++++<br \/>\nI Fr\u00e5gor &amp; Svar p\u00e5 storytellers.se har jag den senaste<br \/>\nm\u00e5naden ber\u00f6rt den evigt \u00e5terkommande fr\u00e5gan om<br \/>\nsanning eller p\u00e5hittat n\u00e4r det g\u00e4ller Corporate Stories.<br \/>\nJag har ocks\u00e5 resonerat om ber\u00e4ttelserna som<br \/>\norganisationens ber\u00e4ttarkapital och jag betonar \u00e4n en<br \/>\ng\u00e5ng att f\u00f6r att f\u00e5 till storytelling i din organisation s\u00e5<br \/>\nm\u00e5ste du tala om h\u00e4ndelser.<br \/>\nG\u00e5 allts\u00e5 fr\u00e5n det abstrakta till det konkreta. Fr\u00e5n<br \/>\nteoretiserande till specifika verkliga h\u00e4ndelser som<br \/>\nvisar det du egentligen vill s\u00e4ga. Det som allts\u00e5, enligt<br \/>\nstudenterna i V\u00e4xj\u00f6, \u00e4r b\u00f6rjan till en djupare f\u00f6rst\u00e5else<br \/>\nf\u00f6r n\u00e5got som innan var ok\u00e4nt eller outforskat.<br \/>\n++++++++++++++++++++++++++++++++++++++<br \/>\nI september inleder jag en distansutbildning med<br \/>\nnamnet Storytelling i organisationer p\u00e5 uppdrag av<br \/>\nBerghs School of Communication.<br \/>\nDen inleds och avslutas med tv\u00e5 heldagar live i<br \/>\nStockholm. D\u00e4remellan sk\u00f6ts den i ett virtuellt<br \/>\nklassrum via n\u00e4tet. Jag kommer att anv\u00e4nda b\u00e5de text<br \/>\noch ljud och r\u00f6rlig bild i det klassrummet.<br \/>\nDistansutbildningar brukar f\u00f6rst\u00e5s locka dem som inte<br \/>\nfinns i Stockholm. Kanske de \u00e4r i Norrland eller<br \/>\nutomlands. Men allt fler stockholmare ser ocks\u00e5<br \/>\npo\u00e4ngen med distansutbldning eftersom de d\u00e5 kan, precis som alla andra, sk\u00f6ta sina studier och sina l\u00e4xor n\u00e4r de sj\u00e4lva vill.<br \/>\nDenna utbilding \u00e4r strikt Corporate Storytelling i den<br \/>\nmeningen att det handlar om att s\u00f6ka och sk\u00f6rda<br \/>\nverkliga ber\u00e4ttelser ur en organistaion f\u00f6r att sen kunna<br \/>\ns\u00e4tta dem i arbete.<br \/>\nVarje kursdeltagare f\u00e5r skriva sju ber\u00e4ttelser under<br \/>\nh\u00f6sten som sen kommenteras och utvecklas i dialog<br \/>\nmed mig.<br \/>\nSagor och rollspel och folkloristisk storytelling h\u00e5ller vi<br \/>\ninte alls p\u00e5 med under denna kurs.<br \/>\n++++++++++++++++++++++++++++++++++++++<br \/>\nJa, det var allt f\u00f6r denna g\u00e5ng. Det mesta jag skriver h\u00e4r<br \/>\nf\u00f6rdjupas ytterligare p\u00e5 http:\/\/storytellers.se<br \/>\nOm du inte vill vara med l\u00e4ngre s\u00e5 kan du skriva ett nej<br \/>\ntack till info@storytellers.se<br \/>\nJag som skriver heter Matts Heijbel och \u00e4r ansvarig f\u00f6r<br \/>\nstorytellers.se. Du har antingen anm\u00e4lt dig sj\u00e4lv via<br \/>\nn\u00e4tet eller varit p\u00e5 n\u00e5gon av mina f\u00f6rel\u00e4sningar.<br \/>\nJag \u00f6nskar en magisk midsommar<br \/>\nH\u00e4lsn<br \/>\nMatts Heijbel<br \/>\nsommarsolst\u00e5ndet den 21 juni 2007<\/p>\n","protected":false},"excerpt":{"rendered":"<p>N\u00e4mare 1700 prenumeranter har i dag f\u00e5tt detta nyhetsbrev. Vill du ocks\u00e5 ha det l\u00f6pande s\u00e5 kan du anm\u00e4la dig en bit ned i h\u00f6gerkanten p\u00e5 storytellers.se \u00f6ppningssidan. Det \u00e4r sj\u00e4lvfallet kostnadsfritt.<\/p>\n","protected":false},"author":2,"featured_media":0,"comment_status":"open","ping_status":"closed","sticky":false,"template":"","format":"standard","meta":[],"categories":[8],"tags":[],"_links":{"self":[{"href":"https:\/\/storytellers.se\/index.php?rest_route=\/wp\/v2\/posts\/1458"}],"collection":[{"href":"https:\/\/storytellers.se\/index.php?rest_route=\/wp\/v2\/posts"}],"about":[{"href":"https:\/\/storytellers.se\/index.php?rest_route=\/wp\/v2\/types\/post"}],"author":[{"embeddable":true,"href":"https:\/\/storytellers.se\/index.php?rest_route=\/wp\/v2\/users\/2"}],"replies":[{"embeddable":true,"href":"https:\/\/storytellers.se\/index.php?rest_route=%2Fwp%2Fv2%2Fcomments&post=1458"}],"version-history":[{"count":0,"href":"https:\/\/storytellers.se\/index.php?rest_route=\/wp\/v2\/posts\/1458\/revisions"}],"wp:attachment":[{"href":"https:\/\/storytellers.se\/index.php?rest_route=%2Fwp%2Fv2%2Fmedia&parent=1458"}],"wp:term":[{"taxonomy":"category","embeddable":true,"href":"https:\/\/storytellers.se\/index.php?rest_route=%2Fwp%2Fv2%2Fcategories&post=1458"},{"taxonomy":"post_tag","embeddable":true,"href":"https:\/\/storytellers.se\/index.php?rest_route=%2Fwp%2Fv2%2Ftags&post=1458"}],"curies":[{"name":"wp","href":"https:\/\/api.w.org\/{rel}","templated":true}]}}