{"id":1456,"date":"2007-06-19T16:05:59","date_gmt":"2007-06-19T15:05:59","guid":{"rendered":"http:\/\/heijbel.wordpress.com\/2007\/06\/19\/basta-betygen-igen"},"modified":"2007-06-19T16:05:59","modified_gmt":"2007-06-19T15:05:59","slug":"basta-betygen-igen","status":"publish","type":"post","link":"https:\/\/storytellers.se\/?p=1456","title":{"rendered":"B\u00e4sta betygen igen"},"content":{"rendered":"<p>Urs\u00e4kta om det verkar tjatigt och skrytigt. Men n\u00e4r jag tillsammans med Magdalena Ackeberg fr\u00e5n Diakonia nyligen, inf\u00f6r hundratals m\u00e4nniskor, ber\u00e4ttade om v\u00e5rt storytellingsamarbete p\u00e5 Frivilligorganisationernas \u00e5rliga Insamlingsforum s\u00e5 fick vi det h\u00f6gsta betyget av alla f\u00f6rel\u00e4sare b\u00e5de f\u00f6r framf\u00f6rande och inneh\u00e5ll&#8230;<\/p>\n<p><!--more--><br \/>\n&#8230;detta visar att Corporate Storytelling f\u00f6rst\u00e5s har sin givna plats \u00e4ven i den ideella sektorn. N\u00e4rvarande i detta stora \u00e5rliga forum var organisationer som R\u00e4dda Barnen, R\u00f6da Korset, Cancerfonden, Green Peace, Amnesty, Fr\u00e4lsningsarm\u00e9n och en l\u00e5ng rad andra organisationer.<br \/>\n2 av 3 gav oss det absolut h\u00f6gsta betyget p\u00e5 en femgradig skala f\u00f6r framf\u00f6randet.<br \/>\nI dessa v\u00e4rderingsstyrda organisationer finns uppenbarligen en l\u00e4ngtan efter det emotionella ber\u00e4ttandet med bilder fr\u00e5n verkligheten som en komplement till rapporterings- och redovisningskulturen. Verktygen inom CS kan d\u00e5  vara anv\u00e4ndbara, tyckte konferensdeltagarna.<\/p>\n","protected":false},"excerpt":{"rendered":"<p>Urs\u00e4kta om det verkar tjatigt och skrytigt. Men n\u00e4r jag tillsammans med Magdalena Ackeberg fr\u00e5n Diakonia nyligen, inf\u00f6r hundratals m\u00e4nniskor, ber\u00e4ttade om v\u00e5rt storytellingsamarbete p\u00e5 Frivilligorganisationernas \u00e5rliga Insamlingsforum s\u00e5 fick vi det h\u00f6gsta betyget av alla f\u00f6rel\u00e4sare b\u00e5de f\u00f6r framf\u00f6rande och inneh\u00e5ll&#8230;<\/p>\n","protected":false},"author":2,"featured_media":0,"comment_status":"open","ping_status":"closed","sticky":false,"template":"","format":"standard","meta":[],"categories":[2],"tags":[],"_links":{"self":[{"href":"https:\/\/storytellers.se\/index.php?rest_route=\/wp\/v2\/posts\/1456"}],"collection":[{"href":"https:\/\/storytellers.se\/index.php?rest_route=\/wp\/v2\/posts"}],"about":[{"href":"https:\/\/storytellers.se\/index.php?rest_route=\/wp\/v2\/types\/post"}],"author":[{"embeddable":true,"href":"https:\/\/storytellers.se\/index.php?rest_route=\/wp\/v2\/users\/2"}],"replies":[{"embeddable":true,"href":"https:\/\/storytellers.se\/index.php?rest_route=%2Fwp%2Fv2%2Fcomments&post=1456"}],"version-history":[{"count":0,"href":"https:\/\/storytellers.se\/index.php?rest_route=\/wp\/v2\/posts\/1456\/revisions"}],"wp:attachment":[{"href":"https:\/\/storytellers.se\/index.php?rest_route=%2Fwp%2Fv2%2Fmedia&parent=1456"}],"wp:term":[{"taxonomy":"category","embeddable":true,"href":"https:\/\/storytellers.se\/index.php?rest_route=%2Fwp%2Fv2%2Fcategories&post=1456"},{"taxonomy":"post_tag","embeddable":true,"href":"https:\/\/storytellers.se\/index.php?rest_route=%2Fwp%2Fv2%2Ftags&post=1456"}],"curies":[{"name":"wp","href":"https:\/\/api.w.org\/{rel}","templated":true}]}}