{"id":1452,"date":"2007-06-13T14:50:11","date_gmt":"2007-06-13T13:50:11","guid":{"rendered":"http:\/\/heijbel.wordpress.com\/2007\/06\/13\/2007-ars-popretoriker"},"modified":"2007-06-13T14:50:11","modified_gmt":"2007-06-13T13:50:11","slug":"2007-ars-popretoriker","status":"publish","type":"post","link":"https:\/\/storytellers.se\/?p=1452","title":{"rendered":"2007 \u00e5rs Popretoriker"},"content":{"rendered":"<p>Jag har utsetts till 2007 \u00e5r Popretoriker. Jag \u00e4r i fint s\u00e4llskap eftersom l\u00e4nspolism\u00e4stare Carin G\u00f6tblad samtidigt fick ett hedersomn\u00e4mnande. Tryck p\u00e5 l\u00e4nken h\u00e4r under s\u00e5 kommer du till motiveringarna och dessutom hittar du l\u00e4nken till pressmeddelandet fr\u00e5n juryn som bjuder in media till ceremoni p\u00e5 fredag.<\/p>\n<p><!--more--><br \/>\nJuryns motivering till \u00c5rets Popretoriker:<br \/>\n\u201dMatts Heijbel har l\u00e4nge k\u00e4mpat f\u00f6r att f\u00f6retag och organisationer ska anv\u00e4nda sina egna verksamhetsber\u00e4ttelser f\u00f6r att st\u00e4rka sitt varum\u00e4rke. I och med storyduschen s\u00e5 har Arlanda Express lyckats f\u00f6rmedla sina egna sanna ber\u00e4ttelser p\u00e5 ett fr\u00e4scht och sp\u00e4nnande s\u00e4tt f\u00f6r mottagaren. Allt detta tack vare Matts Heijbels tro p\u00e5 ber\u00e4ttelsers kraft och hans f\u00f6rm\u00e5ga till kreativa l\u00f6sningar\u201d.<br \/>\nJuryns motivering till \u00c5rets Hedersomn\u00e4mnande:<br \/>\n\u201dL\u00e4nspolism\u00e4staren Carin G\u00f6tblad har p\u00e5 ett konkret s\u00e4tt visat att polisen st\u00e5r f\u00f6r m\u00e5ngfald. Genom att l\u00e5ta homosexuella poliser f\u00e5 b\u00e4ra uniform under Pridefestivalen s\u00e5 genomf\u00f6rde hon en kommunikativ markering som argumenterade f\u00f6r alla m\u00e4nniskors lika v\u00e4rde, detta trots v\u00e4ldiga inv\u00e4ndningar fr\u00e5n omgivningen. Carin G\u00f6tblad gick fr\u00e5n ord till handling med en kommunikationsinsats som dessutom var ett inl\u00e4gg f\u00f6r att bek\u00e4mpa f\u00f6rdomar.&#8221;<br \/>\nH\u00e4r finns mer info och en l\u00e4nk vidare till <a href=\"http:\/\/www.popretorik.se\">pressmeddelandet<\/a>.<\/p>\n","protected":false},"excerpt":{"rendered":"<p>Jag har utsetts till 2007 \u00e5r Popretoriker. Jag \u00e4r i fint s\u00e4llskap eftersom l\u00e4nspolism\u00e4stare Carin G\u00f6tblad samtidigt fick ett hedersomn\u00e4mnande. Tryck p\u00e5 l\u00e4nken h\u00e4r under s\u00e5 kommer du till motiveringarna och dessutom hittar du l\u00e4nken till pressmeddelandet fr\u00e5n juryn som bjuder in media till ceremoni p\u00e5 fredag.<\/p>\n","protected":false},"author":2,"featured_media":0,"comment_status":"open","ping_status":"closed","sticky":false,"template":"","format":"standard","meta":[],"categories":[9],"tags":[],"_links":{"self":[{"href":"https:\/\/storytellers.se\/index.php?rest_route=\/wp\/v2\/posts\/1452"}],"collection":[{"href":"https:\/\/storytellers.se\/index.php?rest_route=\/wp\/v2\/posts"}],"about":[{"href":"https:\/\/storytellers.se\/index.php?rest_route=\/wp\/v2\/types\/post"}],"author":[{"embeddable":true,"href":"https:\/\/storytellers.se\/index.php?rest_route=\/wp\/v2\/users\/2"}],"replies":[{"embeddable":true,"href":"https:\/\/storytellers.se\/index.php?rest_route=%2Fwp%2Fv2%2Fcomments&post=1452"}],"version-history":[{"count":0,"href":"https:\/\/storytellers.se\/index.php?rest_route=\/wp\/v2\/posts\/1452\/revisions"}],"wp:attachment":[{"href":"https:\/\/storytellers.se\/index.php?rest_route=%2Fwp%2Fv2%2Fmedia&parent=1452"}],"wp:term":[{"taxonomy":"category","embeddable":true,"href":"https:\/\/storytellers.se\/index.php?rest_route=%2Fwp%2Fv2%2Fcategories&post=1452"},{"taxonomy":"post_tag","embeddable":true,"href":"https:\/\/storytellers.se\/index.php?rest_route=%2Fwp%2Fv2%2Ftags&post=1452"}],"curies":[{"name":"wp","href":"https:\/\/api.w.org\/{rel}","templated":true}]}}