{"id":1442,"date":"2007-06-07T14:59:35","date_gmt":"2007-06-07T13:59:35","guid":{"rendered":"http:\/\/heijbel.wordpress.com\/2007\/06\/07\/enbart-kvinnor-far-komma"},"modified":"2007-06-07T14:59:35","modified_gmt":"2007-06-07T13:59:35","slug":"enbart-kvinnor-far-komma","status":"publish","type":"post","link":"https:\/\/storytellers.se\/?p=1442","title":{"rendered":"Enbart kvinnor f\u00e5r komma"},"content":{"rendered":"<p>Dataf\u00f6reningen i Stockholm har en kvinnogren som heter ITQ, IT-Kvinnor i Stockholm. De har bjudit in mig att tala p\u00e5 kv\u00e4llen m\u00e5ndagen den 11 juni i centrala Stockholm. \u00c4ven andra kvinnor kan anm\u00e4la sig till f\u00f6rel\u00e4sningen. <a href=\"http:\/\/www.dfs.se\/pagang\/default.asp?ID=2744&amp;u=0&amp;start_date=2007-06-07&amp;so=none#2744\">L\u00e4s sj\u00e4lv h\u00e4r<\/a>.<\/p>\n","protected":false},"excerpt":{"rendered":"<p>Dataf\u00f6reningen i Stockholm har en kvinnogren som heter ITQ, IT-Kvinnor i Stockholm. De har bjudit in mig att tala p\u00e5 kv\u00e4llen m\u00e5ndagen den 11 juni i centrala Stockholm. \u00c4ven andra kvinnor kan anm\u00e4la sig till f\u00f6rel\u00e4sningen. L\u00e4s sj\u00e4lv h\u00e4r.<\/p>\n","protected":false},"author":2,"featured_media":0,"comment_status":"open","ping_status":"closed","sticky":false,"template":"","format":"standard","meta":[],"categories":[9],"tags":[],"_links":{"self":[{"href":"https:\/\/storytellers.se\/index.php?rest_route=\/wp\/v2\/posts\/1442"}],"collection":[{"href":"https:\/\/storytellers.se\/index.php?rest_route=\/wp\/v2\/posts"}],"about":[{"href":"https:\/\/storytellers.se\/index.php?rest_route=\/wp\/v2\/types\/post"}],"author":[{"embeddable":true,"href":"https:\/\/storytellers.se\/index.php?rest_route=\/wp\/v2\/users\/2"}],"replies":[{"embeddable":true,"href":"https:\/\/storytellers.se\/index.php?rest_route=%2Fwp%2Fv2%2Fcomments&post=1442"}],"version-history":[{"count":0,"href":"https:\/\/storytellers.se\/index.php?rest_route=\/wp\/v2\/posts\/1442\/revisions"}],"wp:attachment":[{"href":"https:\/\/storytellers.se\/index.php?rest_route=%2Fwp%2Fv2%2Fmedia&parent=1442"}],"wp:term":[{"taxonomy":"category","embeddable":true,"href":"https:\/\/storytellers.se\/index.php?rest_route=%2Fwp%2Fv2%2Fcategories&post=1442"},{"taxonomy":"post_tag","embeddable":true,"href":"https:\/\/storytellers.se\/index.php?rest_route=%2Fwp%2Fv2%2Ftags&post=1442"}],"curies":[{"name":"wp","href":"https:\/\/api.w.org\/{rel}","templated":true}]}}