{"id":1440,"date":"2007-06-01T22:04:33","date_gmt":"2007-06-01T21:04:33","guid":{"rendered":"http:\/\/heijbel.wordpress.com\/2007\/06\/01\/berghs-school-of-communic"},"modified":"2007-06-01T22:04:33","modified_gmt":"2007-06-01T21:04:33","slug":"berghs-school-of-communic","status":"publish","type":"post","link":"https:\/\/storytellers.se\/?p=1440","title":{"rendered":"Berghs School of Communic"},"content":{"rendered":"<p>I morgon ska jag ge avg\u00e5ngselever p\u00e5 Berghs School of Communication en Corporate Storytelling-dusch. I h\u00f6st ansvarar jag f\u00f6r Sveriges f\u00f6rsta distanskurs i just Corporate Storytelling p\u00e5 just Berghs School of Communication. Anm\u00e4lan senast i mitten av augusti. Start i b\u00f6rjan av september<\/p>\n","protected":false},"excerpt":{"rendered":"<p>I morgon ska jag ge avg\u00e5ngselever p\u00e5 Berghs School of Communication en Corporate Storytelling-dusch. I h\u00f6st ansvarar jag f\u00f6r Sveriges f\u00f6rsta distanskurs i just Corporate Storytelling p\u00e5 just Berghs School of Communication. Anm\u00e4lan senast i mitten av augusti. Start i b\u00f6rjan av september<\/p>\n","protected":false},"author":2,"featured_media":0,"comment_status":"open","ping_status":"closed","sticky":false,"template":"","format":"standard","meta":[],"categories":[9],"tags":[],"_links":{"self":[{"href":"https:\/\/storytellers.se\/index.php?rest_route=\/wp\/v2\/posts\/1440"}],"collection":[{"href":"https:\/\/storytellers.se\/index.php?rest_route=\/wp\/v2\/posts"}],"about":[{"href":"https:\/\/storytellers.se\/index.php?rest_route=\/wp\/v2\/types\/post"}],"author":[{"embeddable":true,"href":"https:\/\/storytellers.se\/index.php?rest_route=\/wp\/v2\/users\/2"}],"replies":[{"embeddable":true,"href":"https:\/\/storytellers.se\/index.php?rest_route=%2Fwp%2Fv2%2Fcomments&post=1440"}],"version-history":[{"count":0,"href":"https:\/\/storytellers.se\/index.php?rest_route=\/wp\/v2\/posts\/1440\/revisions"}],"wp:attachment":[{"href":"https:\/\/storytellers.se\/index.php?rest_route=%2Fwp%2Fv2%2Fmedia&parent=1440"}],"wp:term":[{"taxonomy":"category","embeddable":true,"href":"https:\/\/storytellers.se\/index.php?rest_route=%2Fwp%2Fv2%2Fcategories&post=1440"},{"taxonomy":"post_tag","embeddable":true,"href":"https:\/\/storytellers.se\/index.php?rest_route=%2Fwp%2Fv2%2Ftags&post=1440"}],"curies":[{"name":"wp","href":"https:\/\/api.w.org\/{rel}","templated":true}]}}