{"id":1438,"date":"2007-05-31T15:22:09","date_gmt":"2007-05-31T14:22:09","guid":{"rendered":"http:\/\/heijbel.wordpress.com\/2007\/05\/31\/handelsen-ska-exploateras"},"modified":"2007-05-31T15:22:09","modified_gmt":"2007-05-31T14:22:09","slug":"handelsen-ska-exploateras","status":"publish","type":"post","link":"https:\/\/storytellers.se\/?p=1438","title":{"rendered":"H\u00e4ndelsen ska exploateras"},"content":{"rendered":"<p>Mail eller andra h\u00e4lsningar fr\u00e5n kunder kan ofta vara utm\u00e4rkta underlag f\u00f6r Corporate Storytelling. Men det r\u00e4cker inte med v\u00e4nliga&#8230;<\/p>\n<p><!--more--><br \/>\n&#8230;n\u00f6jd-kund-ord som att kunden trivdes s\u00e5 bra med era medarbetare och att projektet aldrig hade blivit s\u00e5 bra som det blev utan ert starka engagemang. Det r\u00e4cker inte heller med ord som tack f\u00f6r att ni tog s\u00e5 v\u00e4l hand om mamma hennes sista tid. Det \u00e4r inte tillr\u00e4ckligt som story.<br \/>\nDessa v\u00e4nliga ord fr\u00e5n kunder eller anh\u00f6riga visar d\u00e4remot att det finns n\u00e5gon som kanske vill ber\u00e4tta. N\u00e5gon har varit s\u00e5 starkt motiverad att han eller hon tyckte det var viktigt att meddela sig.<br \/>\nKontakta d\u00e5 personen och fr\u00e5ga om han eller hon vill ber\u00e4tta om n\u00e5gon specifik h\u00e4ndelse som de s\u00e4rskilt vill minnas och vill peka p\u00e5. Kanske beskriver personen d\u00e5 en h\u00e4ndelse som fick betydelse. D\u00e5 n\u00e4rmar vi oss ett storyfynd. Fr\u00e5ga hur det var just d\u00e5. Hur det s\u00e5g ut? Hur det l\u00e4t? Hur det k\u00e4ndes? Hur n\u00e5got f\u00f6r\u00e4ndrades i det \u00f6gonblicket?<br \/>\nP\u00e5 s\u00e5 s\u00e4tt kan man borra sig in i verkligheten och sk\u00f6rda stories f\u00f6r att senare kunna leverera bilder som speglar viktiga h\u00e4ndelser som kan vara till gl\u00e4dje. Ber\u00e4ttelser som g\u00f6r nyttan med er verksamhet uppenbar och befolkar ert varum\u00e4rke.<\/p>\n","protected":false},"excerpt":{"rendered":"<p>Mail eller andra h\u00e4lsningar fr\u00e5n kunder kan ofta vara utm\u00e4rkta underlag f\u00f6r Corporate Storytelling. Men det r\u00e4cker inte med v\u00e4nliga&#8230;<\/p>\n","protected":false},"author":2,"featured_media":0,"comment_status":"open","ping_status":"closed","sticky":false,"template":"","format":"standard","meta":[],"categories":[2],"tags":[],"_links":{"self":[{"href":"https:\/\/storytellers.se\/index.php?rest_route=\/wp\/v2\/posts\/1438"}],"collection":[{"href":"https:\/\/storytellers.se\/index.php?rest_route=\/wp\/v2\/posts"}],"about":[{"href":"https:\/\/storytellers.se\/index.php?rest_route=\/wp\/v2\/types\/post"}],"author":[{"embeddable":true,"href":"https:\/\/storytellers.se\/index.php?rest_route=\/wp\/v2\/users\/2"}],"replies":[{"embeddable":true,"href":"https:\/\/storytellers.se\/index.php?rest_route=%2Fwp%2Fv2%2Fcomments&post=1438"}],"version-history":[{"count":0,"href":"https:\/\/storytellers.se\/index.php?rest_route=\/wp\/v2\/posts\/1438\/revisions"}],"wp:attachment":[{"href":"https:\/\/storytellers.se\/index.php?rest_route=%2Fwp%2Fv2%2Fmedia&parent=1438"}],"wp:term":[{"taxonomy":"category","embeddable":true,"href":"https:\/\/storytellers.se\/index.php?rest_route=%2Fwp%2Fv2%2Fcategories&post=1438"},{"taxonomy":"post_tag","embeddable":true,"href":"https:\/\/storytellers.se\/index.php?rest_route=%2Fwp%2Fv2%2Ftags&post=1438"}],"curies":[{"name":"wp","href":"https:\/\/api.w.org\/{rel}","templated":true}]}}