{"id":1436,"date":"2007-05-31T09:30:28","date_gmt":"2007-05-31T08:30:28","guid":{"rendered":"http:\/\/heijbel.wordpress.com\/2007\/05\/31\/mobilisera-berattarkapitalet"},"modified":"2007-05-31T09:30:28","modified_gmt":"2007-05-31T08:30:28","slug":"mobilisera-berattarkapitalet","status":"publish","type":"post","link":"https:\/\/storytellers.se\/?p=1436","title":{"rendered":"Mobilisera ber\u00e4ttarkapitalet"},"content":{"rendered":"<p>Ber\u00e4ttelserna i och omkring ett f\u00f6retag eller en organisation \u00e4r ett kapital. Ett narrativt kapital. Det \u00e4gs kollektivt och kan anv\u00e4ndas f\u00f6r att ladda varum\u00e4rke, varor och tj\u00e4nster. Traditionsb\u00e4rare \u00e4r medarbetare, kunder och andra intressenter.<\/p>\n<p><!--more--><br \/>\nHela denna utg\u00e5ngspunkt \u00e4r paragraf 1A n\u00e4r man arbetar med Corporate Storytelling. Jag upprepar det hela tiden i mina f\u00f6rel\u00e4sningar och inf\u00f6r alla mina sk\u00f6rdeuppdrag i f\u00f6retag och organisationer.<br \/>\nJag l\u00e4ste i dag, i Dagens Industri, en annons fr\u00e5n Papyrus, en text om att s\u00e4tta lagren i r\u00f6relse och p\u00e5 s\u00e5 s\u00e4tt mobilisera lagerkapitalet. Eftersom lager, enligt Handelns Utredningsinstitut, f\u00f6rst\u00e5s binder kapital kan man genom att s\u00e4tta fart p\u00e5 lagret s\u00e4nka sina kostnader och d\u00e4rmed tj\u00e4na mera pengar.<br \/>\nDet d\u00e4r skulle man, om man s\u00e5 vill, kunna s\u00e4ga om ber\u00e4ttarkapitalet ocks\u00e5. Mobilisera ber\u00e4ttelserna och s\u00e4tt storykapitalet i r\u00f6relse!<br \/>\nBer\u00e4ttelserna finns d\u00e4r. De skildrar en verklighet. Konsten \u00e4r att veta vad man letar efter, hur man ska hitta ber\u00e4ttelserna, hur man ska sk\u00f6rda dem och f\u00f6rpacka dem dramaturgiskt f\u00f6r att sen s\u00e4tta dem i arbete.<br \/>\nH\u00e4r kr\u00e4vs en f\u00f6rst\u00e5else f\u00f6r organisationens villkor, id\u00e9er och m\u00e5l. Denna f\u00f6rst\u00e5else \u00e4r en f\u00f6ruts\u00e4ttning f\u00f6r att f\u00f6rst\u00e5 vilka av de tusentals ber\u00e4ttelserna som \u00e4r guld v\u00e4rda.<br \/>\nEn Corporate Storyteller v\u00e5gar sl\u00e4ppa reklamsagorna och l\u00e4gga det faktuella spr\u00e5ket \u00e5t sidan en stund f\u00f6r att frig\u00f6ra den sanna ber\u00e4ttesens kraft i arbetet f\u00f6r kundernas och d\u00e4rmed organisationens b\u00e4sta.<br \/>\nSen kan det emotionella och det faktuella arbeta sida vid sida.<br \/>\nG\u00f6r man storytelling i f\u00f6retaget till ett jippo vilket som helst med vanligt artistiskt underh\u00e5llningsber\u00e4ttande missar man denna po\u00e4ng.<br \/>\nMen det hindrar inte att \u00e4ven Corporate Storytelling kan vara v\u00e4ldigt underh\u00e5llande samtidigt som det \u00e4r en investering i verksamheten.<\/p>\n","protected":false},"excerpt":{"rendered":"<p>Ber\u00e4ttelserna i och omkring ett f\u00f6retag eller en organisation \u00e4r ett kapital. Ett narrativt kapital. Det \u00e4gs kollektivt och kan anv\u00e4ndas f\u00f6r att ladda varum\u00e4rke, varor och tj\u00e4nster. Traditionsb\u00e4rare \u00e4r medarbetare, kunder och andra intressenter.<\/p>\n","protected":false},"author":2,"featured_media":0,"comment_status":"open","ping_status":"closed","sticky":false,"template":"","format":"standard","meta":[],"categories":[2],"tags":[],"_links":{"self":[{"href":"https:\/\/storytellers.se\/index.php?rest_route=\/wp\/v2\/posts\/1436"}],"collection":[{"href":"https:\/\/storytellers.se\/index.php?rest_route=\/wp\/v2\/posts"}],"about":[{"href":"https:\/\/storytellers.se\/index.php?rest_route=\/wp\/v2\/types\/post"}],"author":[{"embeddable":true,"href":"https:\/\/storytellers.se\/index.php?rest_route=\/wp\/v2\/users\/2"}],"replies":[{"embeddable":true,"href":"https:\/\/storytellers.se\/index.php?rest_route=%2Fwp%2Fv2%2Fcomments&post=1436"}],"version-history":[{"count":0,"href":"https:\/\/storytellers.se\/index.php?rest_route=\/wp\/v2\/posts\/1436\/revisions"}],"wp:attachment":[{"href":"https:\/\/storytellers.se\/index.php?rest_route=%2Fwp%2Fv2%2Fmedia&parent=1436"}],"wp:term":[{"taxonomy":"category","embeddable":true,"href":"https:\/\/storytellers.se\/index.php?rest_route=%2Fwp%2Fv2%2Fcategories&post=1436"},{"taxonomy":"post_tag","embeddable":true,"href":"https:\/\/storytellers.se\/index.php?rest_route=%2Fwp%2Fv2%2Ftags&post=1436"}],"curies":[{"name":"wp","href":"https:\/\/api.w.org\/{rel}","templated":true}]}}