{"id":1424,"date":"2007-05-14T11:10:18","date_gmt":"2007-05-14T10:10:18","guid":{"rendered":"http:\/\/heijbel.wordpress.com\/2007\/05\/14\/skfs-sjal"},"modified":"2007-05-14T11:10:18","modified_gmt":"2007-05-14T10:10:18","slug":"skfs-sjal","status":"publish","type":"post","link":"https:\/\/storytellers.se\/?p=1424","title":{"rendered":"SKFs sj\u00e4l"},"content":{"rendered":"<p>SKFs sj\u00e4l \u00e4r titeln p\u00e5 Ulf Halls senaste bok d\u00e4r han g\u00f6r en resa genom SKF-landet och intervjuar ett 50-tal av f\u00f6retagets cirka 40.000 medarbetare&#8230;<\/p>\n<p><!--more--><br \/>\n&#8230;Boken ges ut av f\u00f6rlaget Sellin &amp; Partner och det \u00e4r f\u00f6rst\u00e5s 100-\u00e5rsjubilet som ligger till grund. SKF fyller 100 i \u00e5r.<br \/>\nTillsammans med en projektgrupp best\u00e4mde sig Ulf Hall och fotografen Johan Olsson att s\u00f6ka efter SKFs sj\u00e4l. De reste runt hela v\u00e4rlden och upprepade samma sex fr\u00e5gor till ala de tr\u00e4ffade.<br \/>\nTre personliga fr\u00e5gor och tre fr\u00e5gor om SKF:<br \/>\nVarf\u00f6r b\u00f6rjade du p\u00e5 SKF?<br \/>\nBeskriv dig sj\u00e4lv med tre ord!<br \/>\nVad g\u00f6r dig glad?<br \/>\nOch om f\u00f6retaget:<br \/>\nVad \u00e4r b\u00e4st med SKF?<br \/>\nBeskriv SKFs sj\u00e4l med en mening!<br \/>\nHur ser SKF ut om 10 \u00e5r?<br \/>\nSj\u00e4lafr\u00e5gan ledde till olika typer av svar: SKF \u00e4r mitt andra hem! Vi tillh\u00f6r alla ett globalt team med gemensam DNA. Vi \u00e4r \u00f6ppna och har respekt f\u00f6r varandra. Kundfokus. Vi str\u00e4var st\u00e4ndigt efter att skapa innovation. Aff\u00e4rer med ett m\u00e4nskligt ansikte.<br \/>\nBoken \u00f6vers\u00e4tts till en rad olika SKF-spr\u00e5k.<br \/>\nDetta \u00e4r inte en Corporate Story Book i vanlig mening men det \u00e4r en intressant och ambiti\u00f6s metod att l\u00e5ta summan av medarbetarna l\u00e4gga ett pussel som tillsammans befolkar varum\u00e4rket. F\u00f6rutom kortfr\u00e5gorna \u00e4r medarbetarna alla portr\u00e4tterade b\u00e5de i text och bild.<br \/>\nEn riktig liten SKF-extas att l\u00e4gga fram p\u00e5 kaffebordet.<\/p>\n","protected":false},"excerpt":{"rendered":"<p>SKFs sj\u00e4l \u00e4r titeln p\u00e5 Ulf Halls senaste bok d\u00e4r han g\u00f6r en resa genom SKF-landet och intervjuar ett 50-tal av f\u00f6retagets cirka 40.000 medarbetare&#8230;<\/p>\n","protected":false},"author":2,"featured_media":0,"comment_status":"open","ping_status":"closed","sticky":false,"template":"","format":"standard","meta":[],"categories":[2],"tags":[],"_links":{"self":[{"href":"https:\/\/storytellers.se\/index.php?rest_route=\/wp\/v2\/posts\/1424"}],"collection":[{"href":"https:\/\/storytellers.se\/index.php?rest_route=\/wp\/v2\/posts"}],"about":[{"href":"https:\/\/storytellers.se\/index.php?rest_route=\/wp\/v2\/types\/post"}],"author":[{"embeddable":true,"href":"https:\/\/storytellers.se\/index.php?rest_route=\/wp\/v2\/users\/2"}],"replies":[{"embeddable":true,"href":"https:\/\/storytellers.se\/index.php?rest_route=%2Fwp%2Fv2%2Fcomments&post=1424"}],"version-history":[{"count":0,"href":"https:\/\/storytellers.se\/index.php?rest_route=\/wp\/v2\/posts\/1424\/revisions"}],"wp:attachment":[{"href":"https:\/\/storytellers.se\/index.php?rest_route=%2Fwp%2Fv2%2Fmedia&parent=1424"}],"wp:term":[{"taxonomy":"category","embeddable":true,"href":"https:\/\/storytellers.se\/index.php?rest_route=%2Fwp%2Fv2%2Fcategories&post=1424"},{"taxonomy":"post_tag","embeddable":true,"href":"https:\/\/storytellers.se\/index.php?rest_route=%2Fwp%2Fv2%2Ftags&post=1424"}],"curies":[{"name":"wp","href":"https:\/\/api.w.org\/{rel}","templated":true}]}}