{"id":1422,"date":"2007-05-11T19:48:47","date_gmt":"2007-05-11T18:48:47","guid":{"rendered":"http:\/\/heijbel.wordpress.com\/2007\/05\/11\/socialforvaltningen-i-botkyrka"},"modified":"2007-05-11T19:48:47","modified_gmt":"2007-05-11T18:48:47","slug":"socialforvaltningen-i-botkyrka","status":"publish","type":"post","link":"https:\/\/storytellers.se\/?p=1422","title":{"rendered":"Socialf\u00f6rvaltningen i Botkyrka"},"content":{"rendered":"<p>I dag tr\u00e4ffade jag chefer fr\u00e5n Socialf\u00f6rvaltningen i Botkyrka, s\u00f6der om Stockholm. Det var den informationsansvariga som hade kallat alla chefer. Min uppgift var att tala om hur deras viktigaste ber\u00e4ttelser skulle kunna st\u00e4rka relationen till brukare\/klienter och hur&#8230;<\/p>\n<p><!--more--><br \/>\n&#8230;de skulle kunna g\u00f6ra sig sj\u00e4lva mer synliga f\u00f6r varandra och f\u00f6r m\u00e4nniskor i andra delar av kommunen.<br \/>\nI en s\u00e5n social verksamhet som fullst\u00e4ndigt kryllar av emotionella bilder och h\u00e4ndelser fyllda av m\u00e4nniskor och m\u00e4nskliga \u00f6den, inte minst i den sp\u00e4nnade och f\u00e4rgstarka kommunen Botkyrka, var detta inte sv\u00e5rt.<br \/>\nJag \u00e4r \u00f6vertygad om att medarbetarna p\u00e5 den sociala sidan i Botkyrka snart b\u00f6rjar sk\u00f6rda socialstories f\u00f6r att bli \u00e4nd\u00e5 mer framg\u00e5ngsrika i sitt arbete. F\u00f6r att \u00f6verf\u00f6ra kunskap och visa v\u00e4rderingar i en kommun som \u00e4r l\u00e5ngt ifr\u00e5n lagom.<\/p>\n","protected":false},"excerpt":{"rendered":"<p>I dag tr\u00e4ffade jag chefer fr\u00e5n Socialf\u00f6rvaltningen i Botkyrka, s\u00f6der om Stockholm. Det var den informationsansvariga som hade kallat alla chefer. Min uppgift var att tala om hur deras viktigaste ber\u00e4ttelser skulle kunna st\u00e4rka relationen till brukare\/klienter och hur&#8230;<\/p>\n","protected":false},"author":2,"featured_media":0,"comment_status":"open","ping_status":"closed","sticky":false,"template":"","format":"standard","meta":[],"categories":[13],"tags":[],"_links":{"self":[{"href":"https:\/\/storytellers.se\/index.php?rest_route=\/wp\/v2\/posts\/1422"}],"collection":[{"href":"https:\/\/storytellers.se\/index.php?rest_route=\/wp\/v2\/posts"}],"about":[{"href":"https:\/\/storytellers.se\/index.php?rest_route=\/wp\/v2\/types\/post"}],"author":[{"embeddable":true,"href":"https:\/\/storytellers.se\/index.php?rest_route=\/wp\/v2\/users\/2"}],"replies":[{"embeddable":true,"href":"https:\/\/storytellers.se\/index.php?rest_route=%2Fwp%2Fv2%2Fcomments&post=1422"}],"version-history":[{"count":0,"href":"https:\/\/storytellers.se\/index.php?rest_route=\/wp\/v2\/posts\/1422\/revisions"}],"wp:attachment":[{"href":"https:\/\/storytellers.se\/index.php?rest_route=%2Fwp%2Fv2%2Fmedia&parent=1422"}],"wp:term":[{"taxonomy":"category","embeddable":true,"href":"https:\/\/storytellers.se\/index.php?rest_route=%2Fwp%2Fv2%2Fcategories&post=1422"},{"taxonomy":"post_tag","embeddable":true,"href":"https:\/\/storytellers.se\/index.php?rest_route=%2Fwp%2Fv2%2Ftags&post=1422"}],"curies":[{"name":"wp","href":"https:\/\/api.w.org\/{rel}","templated":true}]}}