{"id":1420,"date":"2007-05-10T18:27:40","date_gmt":"2007-05-10T17:27:40","guid":{"rendered":"http:\/\/heijbel.wordpress.com\/2007\/05\/10\/frivilligorganisationer"},"modified":"2007-05-10T18:27:40","modified_gmt":"2007-05-10T17:27:40","slug":"frivilligorganisationer","status":"publish","type":"post","link":"https:\/\/storytellers.se\/?p=1420","title":{"rendered":"Frivilligorganisationer"},"content":{"rendered":"<p>I g\u00e5r var jag inblandad i en storysk\u00f6rdefest med m\u00e5nga hundra Ericssonanst\u00e4llda fr\u00e5n hela v\u00e4rlden. Klart att det stora internationella f\u00f6retaget Ericsson har viktiga Corporate Stories och business narratives. Men frivilligorganisationer d\u00e5&#8230;<\/p>\n<p><!--more--><br \/>\n&#8230;Jo d\u00e5. Jag hade ocks\u00e5 ett par f\u00f6rel\u00e4sningar i g\u00e5r f\u00f6r sammanlagt n\u00e4rmare hundra personer fr\u00e5n organisationer som \u00e4r medlemmar i Frivilligorganisationernas Insamlingsr\u00e5d, Frii.<br \/>\nFrii organiserar stora k\u00e4nda organisationer som Cancerfonden, R\u00e4dda Barnen, R\u00f6da Korset, Greenpeace, Amnesty, Fr\u00e4lsningsarm\u00e9n och m\u00e5nga av andra. Men ocks\u00e5 sm\u00e5 och mindre k\u00e4nda organisationer. Alla fr\u00e5n den ideela sektorn. I allt n\u00e4stan 80 organisationer.<br \/>\nD\u00e4r var f\u00f6rst\u00e5s fr\u00e5gan kan dessa organisationer ocks\u00e5 h\u00e5lla p\u00e5 med Corporate Storytelling?<br \/>\nSvaret \u00e4r f\u00f6rst\u00e5s ett rungande: Ja!<br \/>\nDessa starkt v\u00e4rderingsstyrda och ofta emotionellt laddade organisationer \u00e4r spr\u00e4ngfyllda av stories. Men ofta \u00e4r dessa dolda i slogans, reklambudskap eller pliktfylld byr\u00e5kratprosa.<br \/>\nLeta efter de enkla h\u00e4ndelserna som i ett enda slag s\u00e4tter det hela p\u00e5 plats, var mitt budskap. Jag ber\u00e4ttade om hur jag en g\u00e5ng direkt f\u00f6rstod vad insamlings- och st\u00f6dorganisationen Conictus stod f\u00f6r. Convictus finns p\u00e5 de heml\u00f6sa, ofta hiv-smittades, sida.<br \/>\nN\u00e4r en mumifierad man f\u00f6r n\u00e5gra \u00e5r sedan hittades i ett fl\u00e4ktsystem p\u00e5 S\u00f6der i Stockholm sedan en restaurant tyckte att det var d\u00e5ligt drag i ventilationen s\u00e5 blev han snabbt omtalad som mumien eller den mumifierade mannen.<br \/>\nEn ruggig ber\u00e4ttelse om hur denne man f\u00f6rmodligen fr\u00f6s, ville bryta sig in eller bara var snurrig vilket ledde till att han hamnade skorstenen och ventilationssystemet d\u00e4r han sedan dog.<br \/>\nD\u00e5 reagerade Convictus \u00f6ver sensationstexterna. De k\u00e4nde ju denne man, en m\u00e4nniska som inte hamnade i tidningen innan han var d\u00f6d och mumifierad.<br \/>\nConvictus ber\u00e4ttade kort om hans liv, hans tidigare familj, hans tidigare jobb, hans barn, hans intressen. Om allt som hade h\u00e4nt innan han hamnade p\u00e5 andra sidan av den smala stig som s\u00e5 sm\u00e5ningom ledde honom till skorstenen p\u00e5 S\u00f6der.<br \/>\nDen storyn fick mig att f\u00f6rst\u00e5 Convictus arbete mer \u00e4n alla slagord, siffror och rapporter. I ett enda slag.<br \/>\nJag har arbetat med flera ideela organisationer och jag har tillsammans med dem sk\u00f6rdat sanna ber\u00e4ttelser som i n\u00e5gra snabba penseldrag f\u00f6rklarar vad det handlar om och varf\u00f6r de finns och f\u00f6r vilka. Ber\u00e4ttelserna som visar v\u00e4rderingar och nytta.<br \/>\nMedveten, strategiskt utvald &amp; bearbetad, storyteling \u00e4r f\u00f6rst\u00e5s ett kraftfullt verktyg ocks\u00e5 f\u00f6r dessa organisationer.<\/p>\n","protected":false},"excerpt":{"rendered":"<p>I g\u00e5r var jag inblandad i en storysk\u00f6rdefest med m\u00e5nga hundra Ericssonanst\u00e4llda fr\u00e5n hela v\u00e4rlden. Klart att det stora internationella f\u00f6retaget Ericsson har viktiga Corporate Stories och business narratives. Men frivilligorganisationer d\u00e5&#8230;<\/p>\n","protected":false},"author":2,"featured_media":0,"comment_status":"open","ping_status":"closed","sticky":false,"template":"","format":"standard","meta":[],"categories":[2],"tags":[],"_links":{"self":[{"href":"https:\/\/storytellers.se\/index.php?rest_route=\/wp\/v2\/posts\/1420"}],"collection":[{"href":"https:\/\/storytellers.se\/index.php?rest_route=\/wp\/v2\/posts"}],"about":[{"href":"https:\/\/storytellers.se\/index.php?rest_route=\/wp\/v2\/types\/post"}],"author":[{"embeddable":true,"href":"https:\/\/storytellers.se\/index.php?rest_route=\/wp\/v2\/users\/2"}],"replies":[{"embeddable":true,"href":"https:\/\/storytellers.se\/index.php?rest_route=%2Fwp%2Fv2%2Fcomments&post=1420"}],"version-history":[{"count":0,"href":"https:\/\/storytellers.se\/index.php?rest_route=\/wp\/v2\/posts\/1420\/revisions"}],"wp:attachment":[{"href":"https:\/\/storytellers.se\/index.php?rest_route=%2Fwp%2Fv2%2Fmedia&parent=1420"}],"wp:term":[{"taxonomy":"category","embeddable":true,"href":"https:\/\/storytellers.se\/index.php?rest_route=%2Fwp%2Fv2%2Fcategories&post=1420"},{"taxonomy":"post_tag","embeddable":true,"href":"https:\/\/storytellers.se\/index.php?rest_route=%2Fwp%2Fv2%2Ftags&post=1420"}],"curies":[{"name":"wp","href":"https:\/\/api.w.org\/{rel}","templated":true}]}}