{"id":1406,"date":"2007-05-03T17:48:59","date_gmt":"2007-05-03T16:48:59","guid":{"rendered":"http:\/\/heijbel.wordpress.com\/2007\/05\/03\/dagens-industri-om-ljudduschen"},"modified":"2007-05-03T17:48:59","modified_gmt":"2007-05-03T16:48:59","slug":"dagens-industri-om-ljudduschen","status":"publish","type":"post","link":"https:\/\/storytellers.se\/?p=1406","title":{"rendered":"Dagens Industri om ljudduschen"},"content":{"rendered":"<p>Dagens Industri ber\u00e4ttar i dag p\u00e5 sidan 16 om Arlanda Express ljuddusch, eller storydusch som jag hellre kallar den. Den \u00e4r nu installerad&#8230;<\/p>\n<p><!--more--><br \/>\n&#8230;i Arlanda Express biljettkontor p\u00e5 Stockholms Central.<br \/>\nJag har arbetat med storytelling i omg\u00e5ngar hos nybyggarf\u00f6retaget Arlanda Express. N\u00e4r jag kom med id\u00e9n om att l\u00e5ta var och en frivilligt lyssna till f\u00f6retagets sanna ber\u00e4ttelser i en Arlanda Express-stol med riktad specialh\u00f6gtalare s\u00e5 var man p\u00e5 direkt.<br \/>\nLyssnaren v\u00e4ljer svenska eller engelska genom att trycka p\u00e5 storyknappen. Sen kommer n\u00e5gra korta ber\u00e4ttelser p\u00e5 n\u00e5gon eller n\u00e5gra minuter som befolkar Arlanda Express-varum\u00e4rket.<br \/>\nMig veterligen \u00e4r detta den f\u00f6rsta storyduschen \u00f6ver huvud taget. Tanken \u00e4r allts\u00e5 att den som vill, frivilligt, kan ta emot ett f\u00f6retags ber\u00e4ttelser utan att alla andra i hallen eller salen beh\u00f6ver ta del av det. Ingen allm\u00e4n st\u00f6rning i luftrummet allts\u00e5.<br \/>\nJag ser en rad sp\u00e4nnande m\u00f6jligheter f\u00f6r f\u00f6retag och organisationer att anv\u00e4nda sig av ljud- och storyduschar. I grunden beh\u00f6vs f\u00f6rst\u00e5s en bra ber\u00e4ttelse. Den ska sen kommuniceras med hj\u00e4lp av de nya, mycket specialiserade, h\u00f6gtalare som kan skicka smala ljudstr\u00e5lar \u00e4nda upp till 50 meter.<br \/>\nKristoffer Lindgren p\u00e5 <a href=\"http:\/\/www.westtech.nu\">Westtech Scandinavia<\/a> importerar dessa specialh\u00f6gtalare och vet allt om dem. Vi har nu planer p\u00e5 forts\u00e4tta samarbetet genom att erbjuda storyduschpaket, skruvat och klart och fyllt med n\u00e5gra av den best\u00e4llande organisationens b\u00e4sta corporate stories.<\/p>\n","protected":false},"excerpt":{"rendered":"<p>Dagens Industri ber\u00e4ttar i dag p\u00e5 sidan 16 om Arlanda Express ljuddusch, eller storydusch som jag hellre kallar den. Den \u00e4r nu installerad&#8230;<\/p>\n","protected":false},"author":2,"featured_media":0,"comment_status":"open","ping_status":"closed","sticky":false,"template":"","format":"standard","meta":[],"categories":[3],"tags":[],"_links":{"self":[{"href":"https:\/\/storytellers.se\/index.php?rest_route=\/wp\/v2\/posts\/1406"}],"collection":[{"href":"https:\/\/storytellers.se\/index.php?rest_route=\/wp\/v2\/posts"}],"about":[{"href":"https:\/\/storytellers.se\/index.php?rest_route=\/wp\/v2\/types\/post"}],"author":[{"embeddable":true,"href":"https:\/\/storytellers.se\/index.php?rest_route=\/wp\/v2\/users\/2"}],"replies":[{"embeddable":true,"href":"https:\/\/storytellers.se\/index.php?rest_route=%2Fwp%2Fv2%2Fcomments&post=1406"}],"version-history":[{"count":0,"href":"https:\/\/storytellers.se\/index.php?rest_route=\/wp\/v2\/posts\/1406\/revisions"}],"wp:attachment":[{"href":"https:\/\/storytellers.se\/index.php?rest_route=%2Fwp%2Fv2%2Fmedia&parent=1406"}],"wp:term":[{"taxonomy":"category","embeddable":true,"href":"https:\/\/storytellers.se\/index.php?rest_route=%2Fwp%2Fv2%2Fcategories&post=1406"},{"taxonomy":"post_tag","embeddable":true,"href":"https:\/\/storytellers.se\/index.php?rest_route=%2Fwp%2Fv2%2Ftags&post=1406"}],"curies":[{"name":"wp","href":"https:\/\/api.w.org\/{rel}","templated":true}]}}