{"id":1404,"date":"2007-05-03T17:45:00","date_gmt":"2007-05-03T16:45:00","guid":{"rendered":"http:\/\/heijbel.wordpress.com\/2007\/05\/03\/langt-inslag-i-p4"},"modified":"2007-05-03T17:45:00","modified_gmt":"2007-05-03T16:45:00","slug":"langt-inslag-i-p4","status":"publish","type":"post","link":"https:\/\/storytellers.se\/?p=1404","title":{"rendered":"L\u00e5ngt inslag i P4"},"content":{"rendered":"<p>I dag hade ocks\u00e5 P4 Stockholm ett n\u00e4stan 10 minuter l\u00e5ngt direkts\u00e4nt reportage fr\u00e5n storyduschen p\u00e5 Stockholms Central. Arlanda Express marknadschef Camilla Laaksonen f\u00f6rklarade t\u00e4nket&#8230;.<\/p>\n<p><!--more--><br \/>\nMitt i allt P4-sk\u00e4mtande fick Arlanda Express och jag sj\u00e4lv positiv uppm\u00e4rksamhet. Corporate Storytelling som id\u00e9 fick ocks\u00e5 bra publicitet. Jag visste det. Detta \u00e4r bara b\u00f6rjan.<br \/>\nH\u00f6r sj\u00e4lv om <a href=\"http:\/\/www.sr.se\/cgi-bin\/stockholm\/program\/index.asp?ProgramID=76\">Storyduschen p\u00e5 Stockholms Central<\/a> . Det var den 3 maj i halvtimmen mellan 16.00 &#8211; 16.30. Spola fram en kvart ungef\u00e4r till 16.15, d\u00e4r b\u00f6rjar det.<\/p>\n","protected":false},"excerpt":{"rendered":"<p>I dag hade ocks\u00e5 P4 Stockholm ett n\u00e4stan 10 minuter l\u00e5ngt direkts\u00e4nt reportage fr\u00e5n storyduschen p\u00e5 Stockholms Central. Arlanda Express marknadschef Camilla Laaksonen f\u00f6rklarade t\u00e4nket&#8230;.<\/p>\n","protected":false},"author":2,"featured_media":0,"comment_status":"open","ping_status":"closed","sticky":false,"template":"","format":"standard","meta":[],"categories":[3],"tags":[],"_links":{"self":[{"href":"https:\/\/storytellers.se\/index.php?rest_route=\/wp\/v2\/posts\/1404"}],"collection":[{"href":"https:\/\/storytellers.se\/index.php?rest_route=\/wp\/v2\/posts"}],"about":[{"href":"https:\/\/storytellers.se\/index.php?rest_route=\/wp\/v2\/types\/post"}],"author":[{"embeddable":true,"href":"https:\/\/storytellers.se\/index.php?rest_route=\/wp\/v2\/users\/2"}],"replies":[{"embeddable":true,"href":"https:\/\/storytellers.se\/index.php?rest_route=%2Fwp%2Fv2%2Fcomments&post=1404"}],"version-history":[{"count":0,"href":"https:\/\/storytellers.se\/index.php?rest_route=\/wp\/v2\/posts\/1404\/revisions"}],"wp:attachment":[{"href":"https:\/\/storytellers.se\/index.php?rest_route=%2Fwp%2Fv2%2Fmedia&parent=1404"}],"wp:term":[{"taxonomy":"category","embeddable":true,"href":"https:\/\/storytellers.se\/index.php?rest_route=%2Fwp%2Fv2%2Fcategories&post=1404"},{"taxonomy":"post_tag","embeddable":true,"href":"https:\/\/storytellers.se\/index.php?rest_route=%2Fwp%2Fv2%2Ftags&post=1404"}],"curies":[{"name":"wp","href":"https:\/\/api.w.org\/{rel}","templated":true}]}}