{"id":1402,"date":"2007-05-02T10:35:22","date_gmt":"2007-05-02T09:35:22","guid":{"rendered":"http:\/\/heijbel.wordpress.com\/2007\/05\/02\/6-platser-kvar"},"modified":"2007-05-02T10:35:22","modified_gmt":"2007-05-02T09:35:22","slug":"6-platser-kvar","status":"publish","type":"post","link":"https:\/\/storytellers.se\/?p=1402","title":{"rendered":"6 platser kvar"},"content":{"rendered":"<p>Nu finns det bara plats f\u00f6r ytterligare sex frukostg\u00e4ster. Ett hundratal platser \u00e4r redan bokade. Det \u00e4r nu p\u00e5 fredag den 4 maj i Stockholm som jag bes\u00f6ker V\u00e4rdskapet och medverkar under temat V\u00e4rdskap &amp; Storytelling. Vill du komma \u00f6ver en av de sista platserna s\u00e5 skynda dig in och <a href=\"http:\/\/www.vardskapet.se\/info.asp\/id\/55\">boka<\/a>.<\/p>\n","protected":false},"excerpt":{"rendered":"<p>Nu finns det bara plats f\u00f6r ytterligare sex frukostg\u00e4ster. Ett hundratal platser \u00e4r redan bokade. Det \u00e4r nu p\u00e5 fredag den 4 maj i Stockholm som jag bes\u00f6ker V\u00e4rdskapet och medverkar under temat V\u00e4rdskap &amp; Storytelling. Vill du komma \u00f6ver en av de sista platserna s\u00e5 skynda dig in och boka.<\/p>\n","protected":false},"author":2,"featured_media":0,"comment_status":"open","ping_status":"closed","sticky":false,"template":"","format":"standard","meta":[],"categories":[9],"tags":[],"_links":{"self":[{"href":"https:\/\/storytellers.se\/index.php?rest_route=\/wp\/v2\/posts\/1402"}],"collection":[{"href":"https:\/\/storytellers.se\/index.php?rest_route=\/wp\/v2\/posts"}],"about":[{"href":"https:\/\/storytellers.se\/index.php?rest_route=\/wp\/v2\/types\/post"}],"author":[{"embeddable":true,"href":"https:\/\/storytellers.se\/index.php?rest_route=\/wp\/v2\/users\/2"}],"replies":[{"embeddable":true,"href":"https:\/\/storytellers.se\/index.php?rest_route=%2Fwp%2Fv2%2Fcomments&post=1402"}],"version-history":[{"count":0,"href":"https:\/\/storytellers.se\/index.php?rest_route=\/wp\/v2\/posts\/1402\/revisions"}],"wp:attachment":[{"href":"https:\/\/storytellers.se\/index.php?rest_route=%2Fwp%2Fv2%2Fmedia&parent=1402"}],"wp:term":[{"taxonomy":"category","embeddable":true,"href":"https:\/\/storytellers.se\/index.php?rest_route=%2Fwp%2Fv2%2Fcategories&post=1402"},{"taxonomy":"post_tag","embeddable":true,"href":"https:\/\/storytellers.se\/index.php?rest_route=%2Fwp%2Fv2%2Ftags&post=1402"}],"curies":[{"name":"wp","href":"https:\/\/api.w.org\/{rel}","templated":true}]}}