{"id":1398,"date":"2007-04-25T23:29:05","date_gmt":"2007-04-25T22:29:05","guid":{"rendered":"http:\/\/heijbel.wordpress.com\/2007\/04\/25\/i-forandringsprocessen"},"modified":"2007-04-25T23:29:05","modified_gmt":"2007-04-25T22:29:05","slug":"i-forandringsprocessen","status":"publish","type":"post","link":"https:\/\/storytellers.se\/?p=1398","title":{"rendered":"I f\u00f6r\u00e4ndringsprocessen"},"content":{"rendered":"<p>Fr\u00e5ga:<br \/>\nVi befinner oss i b\u00f6rjan av en f\u00f6r\u00e4ndringsprocess. Kan storytelling vara en anv\u00e4ndbar metod i v\u00e5rt implementeringsarbete av det nya?<br \/>\nSvar:<br \/>\nVisst! Ibland kan det kanske verka lite \u00f6verdrivet att s\u00e4ga att storytelling kan anv\u00e4ndas b\u00e5de d\u00e4r och&#8230;.<\/p>\n<p><!--more--><br \/>\n&#8230;.d\u00e4r och d\u00e4r och d\u00e4r. Som ett annat multiverktyg. Men det \u00e4r faktiskt s\u00e5. Det faktuella har en roll. Ber\u00e4ttarkapitalet en annan.<br \/>\nBer\u00e4ttelserna \u00e4r anv\u00e4ndbara n\u00e4r man f\u00f6rs\u00f6ker f\u00e5 en gemensam syn p\u00e5 n\u00e5got. Det narrativa ger andra, mer emotionella, associationer \u00e4n siffror, tabeller och slagord. Ber\u00e4ttelserna g\u00e5r alldeles utm\u00e4rkt att anv\u00e4nda strategiskt.<br \/>\nStorytelling \u00e4r allts\u00e5 en anv\u00e4ndbar kommunikationsmetod ocks\u00e5 i f\u00f6r\u00e4ndringsprocesser. Flera av de uppdrag jag f\u00e5r handlar faktiskt om precis just det.<br \/>\nDet \u00e4r inte s\u00e5 konstigt egentligen. Inf\u00f6r f\u00f6r\u00e4ndring och f\u00f6rnyelse kommer alltid grundl\u00e4ggande existentiella fr\u00e5gor som: Var kommer vi i fr\u00e5n? Var befinner vi oss idag? Vad st\u00e5r vi inf\u00f6r? Hur vill och ska vi vara i framtiden?<br \/>\nDessa funderingar kan hanteras med ber\u00e4ttelser sk\u00f6rdade i den redan existerande organisationsverkligheten. Till och med framtidsfr\u00e5gorna kan g\u00f6ras synliga med hj\u00e4lp av visionsber\u00e4ttelser byggda och befolkade med element som till viss del redan finns.<br \/>\nJust visionsber\u00e4ttelsernas roll i f\u00f6r\u00e4ndringsarbetet \u00e4r f\u00f6r \u00f6vrigt n\u00e5got som Steve Denning \u00e4gnar mycket energi \u00e5t. Han \u00e4r en av de viktigaste internationella experterna p\u00e5 omr\u00e5det &#8221;Storytelling in organizations&#8221; och jag har l\u00e4rt mig mycket av honom.<br \/>\nJag har ocks\u00e5 haft f\u00f6rm\u00e5nen att f\u00e5 f\u00f6rel\u00e4sa tillsammans med Denning och jag tror att han, som gammal knowledge manager p\u00e5 V\u00e4rldsbanken, i grunden har t\u00e4nkt igenom hur man ska anv\u00e4nda kunskaps- och ber\u00e4ttarkapitalet f\u00f6r att komma vidare. Dennings resonemang om Springboardstories handlar om f\u00f6r\u00e4ndringsprocesser.<br \/>\nSen anv\u00e4nder du i din fr\u00e5ga just ordet implementering. Jag k\u00e4nner mig lite avvaktande inf\u00f6r det d\u00e4r begreppet implementering. D\u00e5 l\u00e5ter f\u00f6r mig n\u00e4mligen som att du redan vet vad som ska ske och att det bara handlar om att f\u00f6ra \u00f6ver det de till dem som inte vet.<br \/>\nMed storytelling kan vi n\u00e5 l\u00e4ngre \u00e4n s\u00e5. Vi kan vara mer processinriktade och vi kan till och med skissa p\u00e5 nuet och morgondagen tillsammans med hj\u00e4lp av v\u00e5ra viktigaste ber\u00e4ttelser. Ta och ge, kort sagt.<br \/>\nJag brukar s\u00e4ga att verkligheten duger och att vi ska befolka varum\u00e4rket med ber\u00e4ttelser fr\u00e5n den. Det g\u00e4ller i allra h\u00f6gsta grad ocks\u00e5 n\u00e4r en organisation st\u00e5r i begrepp att montera ned det nuvarande basl\u00e4gret och medarbetarna g\u00f6r sig beredda att vandra vidare mot nya utmaningar.<\/p>\n","protected":false},"excerpt":{"rendered":"<p>Fr\u00e5ga: Vi befinner oss i b\u00f6rjan av en f\u00f6r\u00e4ndringsprocess. Kan storytelling vara en anv\u00e4ndbar metod i v\u00e5rt implementeringsarbete av det nya? Svar: Visst! Ibland kan det kanske verka lite \u00f6verdrivet att s\u00e4ga att storytelling kan anv\u00e4ndas b\u00e5de d\u00e4r och&#8230;.<\/p>\n","protected":false},"author":2,"featured_media":0,"comment_status":"open","ping_status":"closed","sticky":false,"template":"","format":"standard","meta":[],"categories":[6],"tags":[],"_links":{"self":[{"href":"https:\/\/storytellers.se\/index.php?rest_route=\/wp\/v2\/posts\/1398"}],"collection":[{"href":"https:\/\/storytellers.se\/index.php?rest_route=\/wp\/v2\/posts"}],"about":[{"href":"https:\/\/storytellers.se\/index.php?rest_route=\/wp\/v2\/types\/post"}],"author":[{"embeddable":true,"href":"https:\/\/storytellers.se\/index.php?rest_route=\/wp\/v2\/users\/2"}],"replies":[{"embeddable":true,"href":"https:\/\/storytellers.se\/index.php?rest_route=%2Fwp%2Fv2%2Fcomments&post=1398"}],"version-history":[{"count":0,"href":"https:\/\/storytellers.se\/index.php?rest_route=\/wp\/v2\/posts\/1398\/revisions"}],"wp:attachment":[{"href":"https:\/\/storytellers.se\/index.php?rest_route=%2Fwp%2Fv2%2Fmedia&parent=1398"}],"wp:term":[{"taxonomy":"category","embeddable":true,"href":"https:\/\/storytellers.se\/index.php?rest_route=%2Fwp%2Fv2%2Fcategories&post=1398"},{"taxonomy":"post_tag","embeddable":true,"href":"https:\/\/storytellers.se\/index.php?rest_route=%2Fwp%2Fv2%2Ftags&post=1398"}],"curies":[{"name":"wp","href":"https:\/\/api.w.org\/{rel}","templated":true}]}}