{"id":1396,"date":"2007-04-19T10:31:16","date_gmt":"2007-04-19T09:31:16","guid":{"rendered":"http:\/\/heijbel.wordpress.com\/2007\/04\/19\/kurs-23-maj-och-26-oktober"},"modified":"2007-04-19T10:31:16","modified_gmt":"2007-04-19T09:31:16","slug":"kurs-23-maj-och-26-oktober","status":"publish","type":"post","link":"https:\/\/storytellers.se\/?p=1396","title":{"rendered":"Kurs 23 maj och 26 oktober"},"content":{"rendered":"<p>Wednesday Relations arrangerar det heldagsseminarium som jag h\u00e5ller den 23 maj och 26 oktober i Stockholm. Inf\u00f6r det har jag blivit <a href=\"http:\/\/www.wednesdayrelations.org\/main.asp?areaID=30&amp;CategoryID=260&amp;PageType=0\">intervjuad<\/a>. Mer om sj\u00e4lva <a href=\"http:\/\/www.wednesdayrelations.org\/main.asp?areaID=32&amp;CategoryID=237&amp;PageType=0\">kursen<\/a> finns h\u00e4r.<\/p>\n","protected":false},"excerpt":{"rendered":"<p>Wednesday Relations arrangerar det heldagsseminarium som jag h\u00e5ller den 23 maj och 26 oktober i Stockholm. Inf\u00f6r det har jag blivit intervjuad. Mer om sj\u00e4lva kursen finns h\u00e4r.<\/p>\n","protected":false},"author":2,"featured_media":0,"comment_status":"open","ping_status":"closed","sticky":false,"template":"","format":"standard","meta":[],"categories":[3],"tags":[],"_links":{"self":[{"href":"https:\/\/storytellers.se\/index.php?rest_route=\/wp\/v2\/posts\/1396"}],"collection":[{"href":"https:\/\/storytellers.se\/index.php?rest_route=\/wp\/v2\/posts"}],"about":[{"href":"https:\/\/storytellers.se\/index.php?rest_route=\/wp\/v2\/types\/post"}],"author":[{"embeddable":true,"href":"https:\/\/storytellers.se\/index.php?rest_route=\/wp\/v2\/users\/2"}],"replies":[{"embeddable":true,"href":"https:\/\/storytellers.se\/index.php?rest_route=%2Fwp%2Fv2%2Fcomments&post=1396"}],"version-history":[{"count":0,"href":"https:\/\/storytellers.se\/index.php?rest_route=\/wp\/v2\/posts\/1396\/revisions"}],"wp:attachment":[{"href":"https:\/\/storytellers.se\/index.php?rest_route=%2Fwp%2Fv2%2Fmedia&parent=1396"}],"wp:term":[{"taxonomy":"category","embeddable":true,"href":"https:\/\/storytellers.se\/index.php?rest_route=%2Fwp%2Fv2%2Fcategories&post=1396"},{"taxonomy":"post_tag","embeddable":true,"href":"https:\/\/storytellers.se\/index.php?rest_route=%2Fwp%2Fv2%2Ftags&post=1396"}],"curies":[{"name":"wp","href":"https:\/\/api.w.org\/{rel}","templated":true}]}}