{"id":1394,"date":"2007-04-18T12:06:20","date_gmt":"2007-04-18T11:06:20","guid":{"rendered":"http:\/\/heijbel.wordpress.com\/2007\/04\/18\/den-forsta-nollattan"},"modified":"2007-04-18T12:06:20","modified_gmt":"2007-04-18T11:06:20","slug":"den-forsta-nollattan","status":"publish","type":"post","link":"https:\/\/storytellers.se\/?p=1394","title":{"rendered":"Den f\u00f6rsta noll\u00e5ttan"},"content":{"rendered":"<p>Stockholm Stories ber\u00e4ttar vidare om Stockholmsmilj\u00f6erna. Till exempel om v\u00e4stg\u00f6ten Birger Jarls son som de tycker \u00e4r den <a href=\"http:\/\/www.stockholmstories.se\/st_swe_gata.htm\">f\u00f6rsta noll\u00e5ttan<\/a> och som ocks\u00e5 givit namn p\u00e5 en gata p\u00e5 s\u00f6der.<\/p>\n","protected":false},"excerpt":{"rendered":"<p>Stockholm Stories ber\u00e4ttar vidare om Stockholmsmilj\u00f6erna. Till exempel om v\u00e4stg\u00f6ten Birger Jarls son som de tycker \u00e4r den f\u00f6rsta noll\u00e5ttan och som ocks\u00e5 givit namn p\u00e5 en gata p\u00e5 s\u00f6der.<\/p>\n","protected":false},"author":2,"featured_media":0,"comment_status":"open","ping_status":"closed","sticky":false,"template":"","format":"standard","meta":[],"categories":[2],"tags":[],"_links":{"self":[{"href":"https:\/\/storytellers.se\/index.php?rest_route=\/wp\/v2\/posts\/1394"}],"collection":[{"href":"https:\/\/storytellers.se\/index.php?rest_route=\/wp\/v2\/posts"}],"about":[{"href":"https:\/\/storytellers.se\/index.php?rest_route=\/wp\/v2\/types\/post"}],"author":[{"embeddable":true,"href":"https:\/\/storytellers.se\/index.php?rest_route=\/wp\/v2\/users\/2"}],"replies":[{"embeddable":true,"href":"https:\/\/storytellers.se\/index.php?rest_route=%2Fwp%2Fv2%2Fcomments&post=1394"}],"version-history":[{"count":0,"href":"https:\/\/storytellers.se\/index.php?rest_route=\/wp\/v2\/posts\/1394\/revisions"}],"wp:attachment":[{"href":"https:\/\/storytellers.se\/index.php?rest_route=%2Fwp%2Fv2%2Fmedia&parent=1394"}],"wp:term":[{"taxonomy":"category","embeddable":true,"href":"https:\/\/storytellers.se\/index.php?rest_route=%2Fwp%2Fv2%2Fcategories&post=1394"},{"taxonomy":"post_tag","embeddable":true,"href":"https:\/\/storytellers.se\/index.php?rest_route=%2Fwp%2Fv2%2Ftags&post=1394"}],"curies":[{"name":"wp","href":"https:\/\/api.w.org\/{rel}","templated":true}]}}