{"id":1392,"date":"2007-04-18T11:26:27","date_gmt":"2007-04-18T10:26:27","guid":{"rendered":"http:\/\/heijbel.wordpress.com\/2007\/04\/18\/ellen-dansade-med-spanjoren"},"modified":"2007-04-18T11:26:27","modified_gmt":"2007-04-18T10:26:27","slug":"ellen-dansade-med-spanjoren","status":"publish","type":"post","link":"https:\/\/storytellers.se\/?p=1392","title":{"rendered":"Ellen dansade med spanjoren"},"content":{"rendered":"<p>H\u00e4r \u00e4r en \u00e4ldrestory som jag hittade n\u00e4r jag hade ett uppdrag att leta ber\u00e4ttelser i hemstj\u00e4nsten i en st\u00f6rre svensk stad. Klicka p\u00e5 l\u00e4nken h\u00e4r under.<\/p>\n<p><!--more--><br \/>\nEllen bodde f\u00f6r sig sj\u00e4v i en l\u00e4genhet i en av de \u00e4ldre stadsdelarna. Hon var n\u00e4stan 90 \u00e5r gammal och levde ensam. Hennes man hade g\u00e5tt bort n\u00e5gra \u00e5r tidigare efter ett l\u00e5ngt och lyckligt \u00e4ktenskap.<br \/>\nEllen hade inga barn och eftersom hon och hennes man hade levt v\u00e4ldigt n\u00e4ra varandra och n\u00f6jt sig med det s\u00e5 hade hon egentligen inga n\u00e4rmare v\u00e4nner heller. I sj\u00e4lva verket skulle man kunna s\u00e4ga att Ellen var r\u00e4tt ensam i denna v\u00e4rlden.<br \/>\nRent kroppsligt var hon r\u00e4tt r\u00f6rlig f\u00f6r sin \u00e5lder. Hon var l\u00e4tt i kroppen och gick l\u00e4tt. Hon kunde b\u00f6ja sig och kl\u00e4ttra upp p\u00e5 k\u00f6ksstolar f\u00f6r att n\u00e5 upp i sk\u00e5pen. Hennes silverg\u00e5 h\u00e5r lockade sig fint vid tinningarna och hon var n\u00e4ra till skratt.<br \/>\nMen hon var ocks\u00e5 snurrig. Inget snack om saken. Hon gl\u00f6mde ofta spisen p\u00e5 och hade ingen riktigt koll p\u00e5 mat och p\u00e5 \u00e5rstider och dygnets timmar. D\u00e4rf\u00f6r hade hon hemtj\u00e4nsten hos sig flera g\u00e5nger om dagen.<br \/>\nHemtj\u00e4nstpersonalen visste hur det var med Ellen och de hade f\u00e4st sig vid den gamla damen i l\u00e4genheten med vinylspelare, pelargoner  och 60-talsm\u00f6bler. Ibland la Ellen p\u00e5 en LP fr\u00e5n 60-talet med spansk musik och spelade f\u00f6r hemtj\u00e4nstpersonalen n\u00e4r de kom.<br \/>\nHon talade d\u00e5 om de fantastiska spanjorerna som hon hade tr\u00e4ffat n\u00e4r hon \u00e5kte p\u00e5 de f\u00f6rsta charterresorna till Spanien i b\u00f6rjan av 60-talet. De vackra m\u00f6rka m\u00e4nnen som visste hur man skulle behandla en kvinna och som kunde dansa p\u00e5 ett helt annat s\u00e4tt \u00e4n de nordiska m\u00e4nnen, menade hon.<br \/>\nNu var det s\u00e5 att Ellen skulle fylla 90 och hemtj\u00e4nstpersonalen gick till sin chef och ber\u00e4ttade att f\u00f6rmodligen ingen skulle uppm\u00e4rkamma f\u00f6delsedagen om inte hemtj\u00e4nsten gjorde det. Skulle de d\u00e4rf\u00f6r kunna f\u00e5 n\u00e5gra hundralappar f\u00f6r att k\u00f6pa en t\u00e5rta och n\u00e5gra sm\u00e5kakor?<br \/>\nJod\u00e5 det skulle g\u00e5 bra. Budgeten \u00e4r alltid pressad men visst g\u00e5r det att f\u00e5 fram pengar vid ett s\u00e5nt h\u00e4r tillf\u00e4lle.<br \/>\nSen var det Carlos. Han jobbade i hemtj\u00e4nsten och hade ocks\u00e5 tr\u00e4ffat Ellen. Skulle han, som var spanjor, kunna t\u00e4nka sig att dansa med Ellen p\u00e5 hennes 90-\u00e5rsdag? Teamet fr\u00e5gade Carlos:<br \/>\n\u2013 Javisst, sa Carlos. Det kan jag. Det \u00e4r en trevlig gammal dam. Om hon uppsakattar att dansa med en \u00e4kta spanjor s\u00e5 ska hon f\u00e5r g\u00f6ra det.<br \/>\nS\u00e5 blev det. Ellen fick t\u00e5rta, de drog undan teakbordet vid finsoffan, vek undan mattan och la p\u00e5 en vinylare med spansk musik. S\u00e5 dansade Ellen och Carlos medan v\u00e5rsolen slog in genom balkongd\u00f6rren.<br \/>\nDen d\u00e4r h\u00e4ndelsen f\u00f6rgyllde Ellens sista \u00e5r. Hon talade ofta om n\u00e4r hon fick dansa med spanjoren och ber\u00e4ttade att detta gjort henne s\u00e5 lycklig. Nu \u00e4r Ellen borta, men ber\u00e4ttelsen Ellen och spanjoren lever kvar.<br \/>\n++++++++++++++++++++++++++<br \/>\nF\u00f6r arbetsgivaren \u00e4r detta en Corporate Story. Den \u00e4r sann och den visar att personalen \u00e4r m\u00e5ngkulturell. Att olika medarbetare har extra kompetenser. Att man k\u00e4nner in brukarnas specifika behov. Att man med sm\u00e5 medel kan leverera extra upplevelser som betyder mycket f\u00f6r de \u00e4ldres h\u00e4lsa. Att man \u00e4r flexibel och s\u00e5 vidare.<br \/>\nDet h\u00e4r exempel p\u00e5 en ber\u00e4ttelse som bara finns d\u00e4r i \u00e4ldreomsoregn, det g\u00e5r att sk\u00f6rda den och s\u00e4tta den i arbete. Vill man kan man anonymisera den som jag g\u00f6r h\u00e4r.<\/p>\n","protected":false},"excerpt":{"rendered":"<p>H\u00e4r \u00e4r en \u00e4ldrestory som jag hittade n\u00e4r jag hade ett uppdrag att leta ber\u00e4ttelser i hemstj\u00e4nsten i en st\u00f6rre svensk stad. Klicka p\u00e5 l\u00e4nken h\u00e4r under.<\/p>\n","protected":false},"author":2,"featured_media":0,"comment_status":"open","ping_status":"closed","sticky":false,"template":"","format":"standard","meta":[],"categories":[10],"tags":[],"_links":{"self":[{"href":"https:\/\/storytellers.se\/index.php?rest_route=\/wp\/v2\/posts\/1392"}],"collection":[{"href":"https:\/\/storytellers.se\/index.php?rest_route=\/wp\/v2\/posts"}],"about":[{"href":"https:\/\/storytellers.se\/index.php?rest_route=\/wp\/v2\/types\/post"}],"author":[{"embeddable":true,"href":"https:\/\/storytellers.se\/index.php?rest_route=\/wp\/v2\/users\/2"}],"replies":[{"embeddable":true,"href":"https:\/\/storytellers.se\/index.php?rest_route=%2Fwp%2Fv2%2Fcomments&post=1392"}],"version-history":[{"count":0,"href":"https:\/\/storytellers.se\/index.php?rest_route=\/wp\/v2\/posts\/1392\/revisions"}],"wp:attachment":[{"href":"https:\/\/storytellers.se\/index.php?rest_route=%2Fwp%2Fv2%2Fmedia&parent=1392"}],"wp:term":[{"taxonomy":"category","embeddable":true,"href":"https:\/\/storytellers.se\/index.php?rest_route=%2Fwp%2Fv2%2Fcategories&post=1392"},{"taxonomy":"post_tag","embeddable":true,"href":"https:\/\/storytellers.se\/index.php?rest_route=%2Fwp%2Fv2%2Ftags&post=1392"}],"curies":[{"name":"wp","href":"https:\/\/api.w.org\/{rel}","templated":true}]}}