{"id":1390,"date":"2007-04-18T10:41:39","date_gmt":"2007-04-18T09:41:39","guid":{"rendered":"http:\/\/heijbel.wordpress.com\/2007\/04\/18\/whats-the-story"},"modified":"2007-04-18T10:41:39","modified_gmt":"2007-04-18T09:41:39","slug":"whats-the-story","status":"publish","type":"post","link":"https:\/\/storytellers.se\/?p=1390","title":{"rendered":"What\u00b4s the story?"},"content":{"rendered":"<p>Tankar om innovation heter en blogg som n\u00e5gra av innovationsstudenterna vid M\u00e4lardalens H\u00f6gskola driver. Jag var nyligen d\u00e4r och f\u00f6rel\u00e4ste. Innovationsbloggen har tr\u00e4ffs\u00e4kert under rubriken What\u00b4s the story som finns i aprilarkivet <a href=\"http:\/\/www.om-innovation.blogspot.com\/\">f\u00e5ngat upp<\/a> n\u00e5got jag sa i f\u00f6rbig\u00e5ende.<\/p>\n","protected":false},"excerpt":{"rendered":"<p>Tankar om innovation heter en blogg som n\u00e5gra av innovationsstudenterna vid M\u00e4lardalens H\u00f6gskola driver. Jag var nyligen d\u00e4r och f\u00f6rel\u00e4ste. Innovationsbloggen har tr\u00e4ffs\u00e4kert under rubriken What\u00b4s the story som finns i aprilarkivet f\u00e5ngat upp n\u00e5got jag sa i f\u00f6rbig\u00e5ende.<\/p>\n","protected":false},"author":2,"featured_media":0,"comment_status":"open","ping_status":"closed","sticky":false,"template":"","format":"standard","meta":[],"categories":[2],"tags":[],"_links":{"self":[{"href":"https:\/\/storytellers.se\/index.php?rest_route=\/wp\/v2\/posts\/1390"}],"collection":[{"href":"https:\/\/storytellers.se\/index.php?rest_route=\/wp\/v2\/posts"}],"about":[{"href":"https:\/\/storytellers.se\/index.php?rest_route=\/wp\/v2\/types\/post"}],"author":[{"embeddable":true,"href":"https:\/\/storytellers.se\/index.php?rest_route=\/wp\/v2\/users\/2"}],"replies":[{"embeddable":true,"href":"https:\/\/storytellers.se\/index.php?rest_route=%2Fwp%2Fv2%2Fcomments&post=1390"}],"version-history":[{"count":0,"href":"https:\/\/storytellers.se\/index.php?rest_route=\/wp\/v2\/posts\/1390\/revisions"}],"wp:attachment":[{"href":"https:\/\/storytellers.se\/index.php?rest_route=%2Fwp%2Fv2%2Fmedia&parent=1390"}],"wp:term":[{"taxonomy":"category","embeddable":true,"href":"https:\/\/storytellers.se\/index.php?rest_route=%2Fwp%2Fv2%2Fcategories&post=1390"},{"taxonomy":"post_tag","embeddable":true,"href":"https:\/\/storytellers.se\/index.php?rest_route=%2Fwp%2Fv2%2Ftags&post=1390"}],"curies":[{"name":"wp","href":"https:\/\/api.w.org\/{rel}","templated":true}]}}