{"id":1388,"date":"2007-04-16T11:39:42","date_gmt":"2007-04-16T10:39:42","guid":{"rendered":"http:\/\/heijbel.wordpress.com\/2007\/04\/16\/nyhetsbrev-22-frukost-seminariedag"},"modified":"2007-04-16T11:39:42","modified_gmt":"2007-04-16T10:39:42","slug":"nyhetsbrev-22-frukost-seminariedag","status":"publish","type":"post","link":"https:\/\/storytellers.se\/?p=1388","title":{"rendered":"Nyhetsbrev 22: Frukost + seminariedag"},"content":{"rendered":"<p>Detta nyhetsbrev har idag g\u00e5tt ut till n\u00e4stan 1500 prenumeranter.<\/p>\n<p><!--more--><br \/>\nSv\u00e5rl\u00e4st?<br \/>\nTesta http:\/\/storytellers.se<br \/>\nHej v\u00e4n av Storytelling i organisationer. Det \u00e4r dags f\u00f6r<br \/>\nett nytt nyhetsbrev fr\u00e5n storytellers.se f\u00f6r dig som \u00e4r<br \/>\nintresserad av vad som h\u00e4nder p\u00e5 storytellingfronten.<br \/>\nDet jag skriver om handlar om att s\u00e4tta de sanna<br \/>\nber\u00e4ttelserna i arbete f\u00f6r varum\u00e4rket, f\u00f6retagskulturen<br \/>\noch f\u00f6r att addera v\u00e4rden till varor och tj\u00e4nster f\u00f6r att p\u00e5<br \/>\ns\u00e5 s\u00e4tt n\u00e5 \u00f6kad framg\u00e5ng p\u00e5 marknaden.<br \/>\nDe flesta tankar som kommer i brevet finns f\u00f6rdjupade<br \/>\np\u00e5 sj\u00e4lva webbplatsen http:\/\/storytellers.se\/<br \/>\n++++++++++++++++++++++++++++++++++++<br \/>\nDen 23 maj h\u00e5ller jag ett heldagsseminarium ihop<br \/>\nmed wednesday relations i Stockholm. Det \u00e4r en f\u00f6ljd<br \/>\nav  det stora intresset efter en f\u00f6rel\u00e4sning jag h\u00f6ll p\u00e5<br \/>\nBerns \u00e5t Wednesdayrelations nyligen. L\u00e4nk till<br \/>\nseminariet finns p\u00e5 http:\/\/storytellers.se<br \/>\nInnan dess deltar jag i en storyfrukost hos V\u00e4rdskapet<br \/>\nden 4 maj, l\u00e4nk till n\u00e5gra f\u00e5 restplatser vid denna<br \/>\nfrukost finns ocks\u00e5 p\u00e5 http:\/\/storytellers.se<br \/>\n++++++++++++++++++++++++++++++++++++<br \/>\nI morgon ska jag ha en hel dag med byr\u00e5krater och<br \/>\nutredare p\u00e5 IQPCs utredarkonferens i Stockholm.<br \/>\nTanken \u00e4r att den, sammansatta och ofta mycket<br \/>\navancerade, kunskap som f\u00f6rvaltas av dessa experter<br \/>\nkan synligg\u00f6ras och s\u00e4ljas in bland annat med en<br \/>\nstorytellingteknik.<br \/>\nJag har provat det nyligen p\u00e5 en expertgrupp fr\u00e5n<br \/>\nF\u00f6rs\u00e4kringskassan och det gav m\u00e5nga intressanta<br \/>\nuppslag. Inte minst f\u00f6r att de sj\u00e4lva skulle kunna g\u00f6ra<br \/>\nsig mer synliga inom organisationen.<br \/>\nJag har den senaste m\u00e5naden ocks\u00e5 f\u00f6rel\u00e4st p\u00e5 b\u00e5de<br \/>\nM\u00e4lardalens h\u00f6gskola, f\u00f6r HR-studenterna p\u00e5<br \/>\nStockholms universitet och f\u00f6r KY-studenterna i V\u00e4xj\u00f6.<br \/>\nJag trivs verkligen med dessa unga forts\u00e4ttare f\u00f6r vilka<br \/>\nallt fortfarande \u00e4r m\u00f6jligt och f\u00f6r vilka storytelling verkar<br \/>\nv\u00e4ldigt lockande.<br \/>\nDe h\u00e4r perspektiven kommer att sl\u00e5 igenom brett under<br \/>\nderas karri\u00e4r n\u00e4r f\u00f6retag och organisationer p\u00e5 ett<br \/>\nsj\u00e4lvklart s\u00e4tt, det \u00e4r jag \u00f6vertygad om, kommer att ha<br \/>\nansvariga f\u00f6r organisationens ber\u00e4ttarkapital.<br \/>\n++++++++++++++++++++++++++++++++++++<br \/>\nWorld Storytelling Day har ocks\u00e5 passerat nyligen och<br \/>\njag filosoferar lite \u00f6ver varf\u00f6r Corporate Storytelling inte<br \/>\nf\u00e5r riktigt plats i denna kulturarbetarr\u00f6relse. Jag \u00e4r<br \/>\nvisserligen sj\u00e4lv akademisk kulturarbetare men \u00e4nd\u00e5<br \/>\ninser inte de flesta medlemmar i ber\u00e4ttarr\u00f6relsen att<br \/>\nf\u00f6retagen \u00e4r dagens byar med egna kulturer.<br \/>\nDe arbetar i huvudsak musealt och raljerar g\u00e4rna<br \/>\nnedv\u00e4rderande om varum\u00e4rken och marknadsf\u00f6ring.<br \/>\nVill inte smittas av konsulter som r\u00f6r sig i n\u00e4ringslivet<br \/>\noch betonar ofta att de \u00e4r konstn\u00e4rer, inte konsulter.<br \/>\n++++++++++++++++++++++++++++++++++++<br \/>\nUnder rubriken Fr\u00e5gor &amp; svar p\u00e5 http:\/\/storytellers.se<br \/>\nhar jag den senaste m\u00e5naden bland annat svarat p\u00e5<br \/>\nfr\u00e5gan om varf\u00f6r man ska h\u00e5lla p\u00e5 med Corporate<br \/>\nStorytelling. Jag har ocks\u00e5 beskrivit v\u00e4rdet av att tala i<br \/>\nbilder och att beskriva h\u00e4ndelser snarare \u00e4n att<br \/>\nabstrahera och generalisera. Jag tar ocks\u00e5 upp fr\u00e5gan<br \/>\nom man kan anv\u00e4nda s\u00e5 kallade negativa ber\u00e4ttelser<br \/>\nn\u00e4r man arbetar med storytelling i f\u00f6retag och<br \/>\norganisationer.<br \/>\nDet \u00e4r f\u00f6r \u00f6vrigt klart att man kan anv\u00e4nda det s k<br \/>\nnegativa. Ofta \u00e4r ber\u00e4ttelser om misstag och<br \/>\nsv\u00e5righeter kraftfulla i f\u00f6r\u00e4ndringsprocesser. Det s\u00e4ger<br \/>\nsig sj\u00e4lvt. Vem st\u00e5r ut med en uppbl\u00e5st kompis som<br \/>\nalltid har r\u00e4tt och aldrig kan erk\u00e4nna ett misstag.<br \/>\nSamma sak n\u00e4r det g\u00e4ller f\u00f6retag.<br \/>\n++++++++++++++++++++++++++++++++++++<br \/>\nNu ska jag ner till Handelns dag i Kalmar och sen till<br \/>\nden kooperativa intresseorganisationen Coompanion<br \/>\nsom har ett utvecklingsm\u00f6te med folk fr\u00e5n hela Sverige<br \/>\ni Nyn\u00e4shamn.<br \/>\nS\u00e5, v\u00e4n av Coprorate Storytelling, vill du veta mer om<br \/>\nvad som h\u00e4nder g\u00e5 in och f\u00f6lj utvecklingen p\u00e5<br \/>\nhttp:\/\/storytellers.se\/<br \/>\n++++++++++++++++++++++++++++++++++++<br \/>\nDu som f\u00e5r detta nyhetsbrev har bett om att f\u00e5 det<br \/>\nantingen genom att sj\u00e4lv skriva in din adress p\u00e5<br \/>\nwebbplatsen eller genom att tacka ja till att f\u00e5 brevet i<br \/>\nsamband med n\u00e5got av mina seminarier.<br \/>\nVill du inte ha det l\u00e4ngre s\u00e5 v\u00e4nd detta mail med ett nej<br \/>\ntack till nyhetsbrev@storytellers.se<br \/>\nAnsvarig f\u00f6r brevet \u00e4r jag, Matts Heijbel, som 1999 satte<br \/>\nupp det personliga m\u00e5let att bli Sveriges Mr Corporate<br \/>\nStoryteller och att bygga en webbplats med \u00f6ppen och<br \/>\nsaklig information om detta. Sen dess har jag utbildat<br \/>\nmig och l\u00e4st vidare om detta p\u00e5 heltid.<br \/>\nH\u00e4lsn<br \/>\nMatts<br \/>\nStockholm 16 april 2007<\/p>\n","protected":false},"excerpt":{"rendered":"<p>Detta nyhetsbrev har idag g\u00e5tt ut till n\u00e4stan 1500 prenumeranter.<\/p>\n","protected":false},"author":2,"featured_media":0,"comment_status":"open","ping_status":"closed","sticky":false,"template":"","format":"standard","meta":[],"categories":[8],"tags":[],"_links":{"self":[{"href":"https:\/\/storytellers.se\/index.php?rest_route=\/wp\/v2\/posts\/1388"}],"collection":[{"href":"https:\/\/storytellers.se\/index.php?rest_route=\/wp\/v2\/posts"}],"about":[{"href":"https:\/\/storytellers.se\/index.php?rest_route=\/wp\/v2\/types\/post"}],"author":[{"embeddable":true,"href":"https:\/\/storytellers.se\/index.php?rest_route=\/wp\/v2\/users\/2"}],"replies":[{"embeddable":true,"href":"https:\/\/storytellers.se\/index.php?rest_route=%2Fwp%2Fv2%2Fcomments&post=1388"}],"version-history":[{"count":0,"href":"https:\/\/storytellers.se\/index.php?rest_route=\/wp\/v2\/posts\/1388\/revisions"}],"wp:attachment":[{"href":"https:\/\/storytellers.se\/index.php?rest_route=%2Fwp%2Fv2%2Fmedia&parent=1388"}],"wp:term":[{"taxonomy":"category","embeddable":true,"href":"https:\/\/storytellers.se\/index.php?rest_route=%2Fwp%2Fv2%2Fcategories&post=1388"},{"taxonomy":"post_tag","embeddable":true,"href":"https:\/\/storytellers.se\/index.php?rest_route=%2Fwp%2Fv2%2Ftags&post=1388"}],"curies":[{"name":"wp","href":"https:\/\/api.w.org\/{rel}","templated":true}]}}