{"id":1386,"date":"2007-04-13T16:47:53","date_gmt":"2007-04-13T15:47:53","guid":{"rendered":"http:\/\/heijbel.wordpress.com\/2007\/04\/13\/negativa-berattelser"},"modified":"2007-04-13T16:47:53","modified_gmt":"2007-04-13T15:47:53","slug":"negativa-berattelser","status":"publish","type":"post","link":"https:\/\/storytellers.se\/?p=1386","title":{"rendered":"Negativa ber\u00e4ttelser"},"content":{"rendered":"<p>Fr\u00e5ga:<br \/>\nVad g\u00f6r du om du hittar negativa ber\u00e4ttelser?<br \/>\nSvar:<br \/>\nTar emot dem f\u00f6rst\u00e5s. Det \u00e4r en vanlig missuppfattning att&#8230;.<\/p>\n<p><!--more--><br \/>\n&#8230;allt m\u00e5ste vara s\u00e5 v\u00e4ldigt positivt f\u00f6r att fungera i Corporate Storytelling. S\u00e5 \u00e4r det f\u00f6rst\u00e5s inte. Det kan till och med vara att ber\u00e4ttelser som visar p\u00e5 missf\u00f6rh\u00e5llanden eller som talar om misstag kan vara v\u00e4ldigt v\u00e4lg\u00f6rande f\u00f6r organisationen om de ber\u00e4ttas.<br \/>\nUnder f\u00f6ruts\u00e4ttning att det \u00e4r ber\u00e4ttelser om h\u00e4ndelser som visar p\u00e5 svagheter, inte svepande generaliseringar, s\u00e5 \u00e4r de en utm\u00e4rkt utg\u00e5ngspunkt f\u00f6r f\u00f6r\u00e4ndringsarbete. Det kr\u00e4ver emellertid att det finns n\u00e5gon po\u00e4ng i ber\u00e4ttelsen. Att man l\u00e4rt sig n\u00e5got och dragit slutsatser eller att n\u00e5gon erk\u00e4nner att han eller hon fattat ett felbeslut och att man nu \u00e4r beredd att ta itu med den och s\u00e5 vidare.<br \/>\nDet \u00e4r d\u00e4remot inte s\u00e5 l\u00e4tt att sk\u00f6rda s\u00e5 kallade negativa ber\u00e4tteser eftersom de ofta \u00e4r f\u00f6rvr\u00e4ngda, fyllda av personp\u00e5hopp och eftersom att de i regel lever i skvaller- och ryktesfloran.<br \/>\nI storytellerlitteraturen talar man ofta om detta och inser ocks\u00e5 att det finns en god kraft i dessa s\u00e5 kallade negativa ber\u00e4ttelser. De kan ofta vara kraftfulla redskap i f\u00f6r\u00e4ndrings- och f\u00f6rnyelsearbete.<\/p>\n","protected":false},"excerpt":{"rendered":"<p>Fr\u00e5ga: Vad g\u00f6r du om du hittar negativa ber\u00e4ttelser? Svar: Tar emot dem f\u00f6rst\u00e5s. Det \u00e4r en vanlig missuppfattning att&#8230;.<\/p>\n","protected":false},"author":2,"featured_media":0,"comment_status":"open","ping_status":"closed","sticky":false,"template":"","format":"standard","meta":[],"categories":[6],"tags":[],"_links":{"self":[{"href":"https:\/\/storytellers.se\/index.php?rest_route=\/wp\/v2\/posts\/1386"}],"collection":[{"href":"https:\/\/storytellers.se\/index.php?rest_route=\/wp\/v2\/posts"}],"about":[{"href":"https:\/\/storytellers.se\/index.php?rest_route=\/wp\/v2\/types\/post"}],"author":[{"embeddable":true,"href":"https:\/\/storytellers.se\/index.php?rest_route=\/wp\/v2\/users\/2"}],"replies":[{"embeddable":true,"href":"https:\/\/storytellers.se\/index.php?rest_route=%2Fwp%2Fv2%2Fcomments&post=1386"}],"version-history":[{"count":0,"href":"https:\/\/storytellers.se\/index.php?rest_route=\/wp\/v2\/posts\/1386\/revisions"}],"wp:attachment":[{"href":"https:\/\/storytellers.se\/index.php?rest_route=%2Fwp%2Fv2%2Fmedia&parent=1386"}],"wp:term":[{"taxonomy":"category","embeddable":true,"href":"https:\/\/storytellers.se\/index.php?rest_route=%2Fwp%2Fv2%2Fcategories&post=1386"},{"taxonomy":"post_tag","embeddable":true,"href":"https:\/\/storytellers.se\/index.php?rest_route=%2Fwp%2Fv2%2Ftags&post=1386"}],"curies":[{"name":"wp","href":"https:\/\/api.w.org\/{rel}","templated":true}]}}