{"id":1384,"date":"2007-04-12T16:13:16","date_gmt":"2007-04-12T15:13:16","guid":{"rendered":"http:\/\/heijbel.wordpress.com\/2007\/04\/12\/familjebostader"},"modified":"2007-04-12T16:13:16","modified_gmt":"2007-04-12T15:13:16","slug":"familjebostader","status":"publish","type":"post","link":"https:\/\/storytellers.se\/?p=1384","title":{"rendered":"Familjebost\u00e4der"},"content":{"rendered":"<p>Det kommunala, allm\u00e4nnyttiga bostadsbolaget Familjebost\u00e4der i Stockholm arbetar vidare p\u00e5 att bli mer och mer v\u00e4rderingsstyrt. Ibland kan nog paragrafer ha styrt mer \u00e4n empatisk inlevelse och sunt f\u00f6rnuft. Finns det stories som skildrar dessa dilemman och olika alternativ och som kan anv\u00e4ndas f\u00f6r att driva p\u00e5 utvecklingen? Det f\u00e5r vi se n\u00e4r jag i n\u00e4sta vecka ska ha ett storytellingpass med ett av distrikten.<\/p>\n","protected":false},"excerpt":{"rendered":"<p>Det kommunala, allm\u00e4nnyttiga bostadsbolaget Familjebost\u00e4der i Stockholm arbetar vidare p\u00e5 att bli mer och mer v\u00e4rderingsstyrt. Ibland kan nog paragrafer ha styrt mer \u00e4n empatisk inlevelse och sunt f\u00f6rnuft. Finns det stories som skildrar dessa dilemman och olika alternativ och som kan anv\u00e4ndas f\u00f6r att driva p\u00e5 utvecklingen? Det f\u00e5r vi se n\u00e4r jag i&#8230;<\/p>\n","protected":false},"author":2,"featured_media":0,"comment_status":"open","ping_status":"closed","sticky":false,"template":"","format":"standard","meta":[],"categories":[9],"tags":[],"_links":{"self":[{"href":"https:\/\/storytellers.se\/index.php?rest_route=\/wp\/v2\/posts\/1384"}],"collection":[{"href":"https:\/\/storytellers.se\/index.php?rest_route=\/wp\/v2\/posts"}],"about":[{"href":"https:\/\/storytellers.se\/index.php?rest_route=\/wp\/v2\/types\/post"}],"author":[{"embeddable":true,"href":"https:\/\/storytellers.se\/index.php?rest_route=\/wp\/v2\/users\/2"}],"replies":[{"embeddable":true,"href":"https:\/\/storytellers.se\/index.php?rest_route=%2Fwp%2Fv2%2Fcomments&post=1384"}],"version-history":[{"count":0,"href":"https:\/\/storytellers.se\/index.php?rest_route=\/wp\/v2\/posts\/1384\/revisions"}],"wp:attachment":[{"href":"https:\/\/storytellers.se\/index.php?rest_route=%2Fwp%2Fv2%2Fmedia&parent=1384"}],"wp:term":[{"taxonomy":"category","embeddable":true,"href":"https:\/\/storytellers.se\/index.php?rest_route=%2Fwp%2Fv2%2Fcategories&post=1384"},{"taxonomy":"post_tag","embeddable":true,"href":"https:\/\/storytellers.se\/index.php?rest_route=%2Fwp%2Fv2%2Ftags&post=1384"}],"curies":[{"name":"wp","href":"https:\/\/api.w.org\/{rel}","templated":true}]}}