{"id":1380,"date":"2007-04-10T12:14:42","date_gmt":"2007-04-10T11:14:42","guid":{"rendered":"http:\/\/heijbel.wordpress.com\/2007\/04\/10\/hr-studenter-pa-sthlms-universitet"},"modified":"2007-04-10T12:14:42","modified_gmt":"2007-04-10T11:14:42","slug":"hr-studenter-pa-sthlms-universitet","status":"publish","type":"post","link":"https:\/\/storytellers.se\/?p=1380","title":{"rendered":"HR-studenter p\u00e5 Sthlms universitet"},"content":{"rendered":"<p>I dag har jag \u00e5ter ett pass f\u00f6r PAO-programmets fj\u00e4rde termin vid Stockholms universitet. Studenterna ska f\u00e5 kommunikationsid\u00e9er och Corporate Storytelling som rimligtvis \u00e4r deras intresseomr\u00e5de som blivande personalchefer och HR-experter.<\/p>\n","protected":false},"excerpt":{"rendered":"<p>I dag har jag \u00e5ter ett pass f\u00f6r PAO-programmets fj\u00e4rde termin vid Stockholms universitet. Studenterna ska f\u00e5 kommunikationsid\u00e9er och Corporate Storytelling som rimligtvis \u00e4r deras intresseomr\u00e5de som blivande personalchefer och HR-experter.<\/p>\n","protected":false},"author":2,"featured_media":0,"comment_status":"open","ping_status":"closed","sticky":false,"template":"","format":"standard","meta":[],"categories":[9],"tags":[],"_links":{"self":[{"href":"https:\/\/storytellers.se\/index.php?rest_route=\/wp\/v2\/posts\/1380"}],"collection":[{"href":"https:\/\/storytellers.se\/index.php?rest_route=\/wp\/v2\/posts"}],"about":[{"href":"https:\/\/storytellers.se\/index.php?rest_route=\/wp\/v2\/types\/post"}],"author":[{"embeddable":true,"href":"https:\/\/storytellers.se\/index.php?rest_route=\/wp\/v2\/users\/2"}],"replies":[{"embeddable":true,"href":"https:\/\/storytellers.se\/index.php?rest_route=%2Fwp%2Fv2%2Fcomments&post=1380"}],"version-history":[{"count":0,"href":"https:\/\/storytellers.se\/index.php?rest_route=\/wp\/v2\/posts\/1380\/revisions"}],"wp:attachment":[{"href":"https:\/\/storytellers.se\/index.php?rest_route=%2Fwp%2Fv2%2Fmedia&parent=1380"}],"wp:term":[{"taxonomy":"category","embeddable":true,"href":"https:\/\/storytellers.se\/index.php?rest_route=%2Fwp%2Fv2%2Fcategories&post=1380"},{"taxonomy":"post_tag","embeddable":true,"href":"https:\/\/storytellers.se\/index.php?rest_route=%2Fwp%2Fv2%2Ftags&post=1380"}],"curies":[{"name":"wp","href":"https:\/\/api.w.org\/{rel}","templated":true}]}}