{"id":1378,"date":"2007-04-09T17:23:05","date_gmt":"2007-04-09T16:23:05","guid":{"rendered":"http:\/\/heijbel.wordpress.com\/2007\/04\/09\/i-tidningen-svensklararen"},"modified":"2007-04-09T17:23:05","modified_gmt":"2007-04-09T16:23:05","slug":"i-tidningen-svensklararen","status":"publish","type":"post","link":"https:\/\/storytellers.se\/?p=1378","title":{"rendered":"I Tidningen Svenskl\u00e4raren"},"content":{"rendered":"<p>Jag \u00e4r huvudl\u00e4rare i Corporate Storytelling p\u00e5 NBIs KY-utbildning Storytelling &amp; Dramaturgi i V\u00e4xj\u00f6. Den h\u00e4r <a href=\"http:\/\/www.svensklararforeningen.se\/mag\/svensklararforeningen.se\/dircode\/docs\/13_article_1812.pdf\"> artikeln<\/a> i Svenskl\u00e4raren handlar om den utbildningen. Jonas Hedenheim Berg skrev.<\/p>\n","protected":false},"excerpt":{"rendered":"<p>Jag \u00e4r huvudl\u00e4rare i Corporate Storytelling p\u00e5 NBIs KY-utbildning Storytelling &amp; Dramaturgi i V\u00e4xj\u00f6. Den h\u00e4r artikeln i Svenskl\u00e4raren handlar om den utbildningen. Jonas Hedenheim Berg skrev.<\/p>\n","protected":false},"author":2,"featured_media":0,"comment_status":"open","ping_status":"closed","sticky":false,"template":"","format":"standard","meta":[],"categories":[3],"tags":[],"_links":{"self":[{"href":"https:\/\/storytellers.se\/index.php?rest_route=\/wp\/v2\/posts\/1378"}],"collection":[{"href":"https:\/\/storytellers.se\/index.php?rest_route=\/wp\/v2\/posts"}],"about":[{"href":"https:\/\/storytellers.se\/index.php?rest_route=\/wp\/v2\/types\/post"}],"author":[{"embeddable":true,"href":"https:\/\/storytellers.se\/index.php?rest_route=\/wp\/v2\/users\/2"}],"replies":[{"embeddable":true,"href":"https:\/\/storytellers.se\/index.php?rest_route=%2Fwp%2Fv2%2Fcomments&post=1378"}],"version-history":[{"count":0,"href":"https:\/\/storytellers.se\/index.php?rest_route=\/wp\/v2\/posts\/1378\/revisions"}],"wp:attachment":[{"href":"https:\/\/storytellers.se\/index.php?rest_route=%2Fwp%2Fv2%2Fmedia&parent=1378"}],"wp:term":[{"taxonomy":"category","embeddable":true,"href":"https:\/\/storytellers.se\/index.php?rest_route=%2Fwp%2Fv2%2Fcategories&post=1378"},{"taxonomy":"post_tag","embeddable":true,"href":"https:\/\/storytellers.se\/index.php?rest_route=%2Fwp%2Fv2%2Ftags&post=1378"}],"curies":[{"name":"wp","href":"https:\/\/api.w.org\/{rel}","templated":true}]}}