{"id":1374,"date":"2007-04-02T16:25:31","date_gmt":"2007-04-02T15:25:31","guid":{"rendered":"http:\/\/heijbel.wordpress.com\/2007\/04\/02\/storyfrukost-hos-vardskapet"},"modified":"2007-04-02T16:25:31","modified_gmt":"2007-04-02T15:25:31","slug":"storyfrukost-hos-vardskapet","status":"publish","type":"post","link":"https:\/\/storytellers.se\/?p=1374","title":{"rendered":"Storyfrukost hos V\u00e4rdskapet"},"content":{"rendered":"<p>4 maj deltar jag som talare vid en <a href=\"http:\/\/www.vardskapet.se\/info.asp\/id\/55\"> Frukost hos V\u00e4rdskapet<\/a>.  Jag ska tillsammans med V\u00e4rdskapets Katarina Bergstr\u00f6m tala om ber\u00e4ttelsens makt och hur man s\u00e4tter ber\u00e4ttelser i arbete f\u00f6r att ladda f\u00f6retag och organisationer. Frukosten \u00e4r i Stockholm.<\/p>\n","protected":false},"excerpt":{"rendered":"<p>4 maj deltar jag som talare vid en Frukost hos V\u00e4rdskapet. Jag ska tillsammans med V\u00e4rdskapets Katarina Bergstr\u00f6m tala om ber\u00e4ttelsens makt och hur man s\u00e4tter ber\u00e4ttelser i arbete f\u00f6r att ladda f\u00f6retag och organisationer. Frukosten \u00e4r i Stockholm.<\/p>\n","protected":false},"author":2,"featured_media":0,"comment_status":"open","ping_status":"closed","sticky":false,"template":"","format":"standard","meta":[],"categories":[9],"tags":[],"_links":{"self":[{"href":"https:\/\/storytellers.se\/index.php?rest_route=\/wp\/v2\/posts\/1374"}],"collection":[{"href":"https:\/\/storytellers.se\/index.php?rest_route=\/wp\/v2\/posts"}],"about":[{"href":"https:\/\/storytellers.se\/index.php?rest_route=\/wp\/v2\/types\/post"}],"author":[{"embeddable":true,"href":"https:\/\/storytellers.se\/index.php?rest_route=\/wp\/v2\/users\/2"}],"replies":[{"embeddable":true,"href":"https:\/\/storytellers.se\/index.php?rest_route=%2Fwp%2Fv2%2Fcomments&post=1374"}],"version-history":[{"count":0,"href":"https:\/\/storytellers.se\/index.php?rest_route=\/wp\/v2\/posts\/1374\/revisions"}],"wp:attachment":[{"href":"https:\/\/storytellers.se\/index.php?rest_route=%2Fwp%2Fv2%2Fmedia&parent=1374"}],"wp:term":[{"taxonomy":"category","embeddable":true,"href":"https:\/\/storytellers.se\/index.php?rest_route=%2Fwp%2Fv2%2Fcategories&post=1374"},{"taxonomy":"post_tag","embeddable":true,"href":"https:\/\/storytellers.se\/index.php?rest_route=%2Fwp%2Fv2%2Ftags&post=1374"}],"curies":[{"name":"wp","href":"https:\/\/api.w.org\/{rel}","templated":true}]}}