{"id":1372,"date":"2007-04-01T11:22:48","date_gmt":"2007-04-01T10:22:48","guid":{"rendered":"http:\/\/heijbel.wordpress.com\/2007\/04\/01\/fran-stenstaden"},"modified":"2007-04-01T11:22:48","modified_gmt":"2007-04-01T10:22:48","slug":"fran-stenstaden","status":"publish","type":"post","link":"https:\/\/storytellers.se\/?p=1372","title":{"rendered":"Fr\u00e5n Stenstaden"},"content":{"rendered":"<p>P\u00e5 webbplatsen midsweden.biz finns en <a href=\"http:\/\/www.midsweden.biz\/nyheter\/5.49aebab41110298c34b80002345.html\"> artikel<\/a> fr\u00e5n mitt bes\u00f6k i Stenstaden Sundsvall i V\u00e4sternorrland i b\u00f6rjan av mars. Vill du veta vad midsweden.biz  \u00e4r f\u00f6r n\u00e5got s\u00e5 l\u00e4s vidare genom att klicka p\u00e5 l\u00e4nken h\u00e4r under.<\/p>\n<p><!--more--><br \/>\nPortalen <a href=\"http:\/\/www.midsweden.biz\"> midsweden.biz<\/a> \u00e4r en v\u00e4lmatad webbplats om V\u00e4sternorrlands n\u00e4ringsliv utvecklad p\u00e5 uppdrag av L\u00e4nsstyrelsen i V\u00e4sternorrland i samarbete mellan Almi F\u00f6retagspartner i V\u00e4sternorrland, Sveriges Exportr\u00e5d, Mittsveriges Handelskammare, L\u00e4nsstyrelsens N\u00e4ringslivsavdelning och sju kommuners n\u00e4ringslivskontor.<br \/>\nJag gick fr\u00e5n det gemensamma arv de har i form av Stenstaden, ett fanatstiskt kulturarvsom byggdes efter den stora branden p\u00e5 1800-talet, till att varje f\u00f6retag och offentlig verksamhet i dag desssutom har sitt eget arv och sina egna hj\u00e4lteber\u00e4ttelser och sina visioner om framtiden. Dessa ska de f\u00f6rst\u00e5s ber\u00e4tta om.<\/p>\n","protected":false},"excerpt":{"rendered":"<p>P\u00e5 webbplatsen midsweden.biz finns en artikel fr\u00e5n mitt bes\u00f6k i Stenstaden Sundsvall i V\u00e4sternorrland i b\u00f6rjan av mars. Vill du veta vad midsweden.biz \u00e4r f\u00f6r n\u00e5got s\u00e5 l\u00e4s vidare genom att klicka p\u00e5 l\u00e4nken h\u00e4r under.<\/p>\n","protected":false},"author":2,"featured_media":0,"comment_status":"open","ping_status":"closed","sticky":false,"template":"","format":"standard","meta":[],"categories":[3],"tags":[],"_links":{"self":[{"href":"https:\/\/storytellers.se\/index.php?rest_route=\/wp\/v2\/posts\/1372"}],"collection":[{"href":"https:\/\/storytellers.se\/index.php?rest_route=\/wp\/v2\/posts"}],"about":[{"href":"https:\/\/storytellers.se\/index.php?rest_route=\/wp\/v2\/types\/post"}],"author":[{"embeddable":true,"href":"https:\/\/storytellers.se\/index.php?rest_route=\/wp\/v2\/users\/2"}],"replies":[{"embeddable":true,"href":"https:\/\/storytellers.se\/index.php?rest_route=%2Fwp%2Fv2%2Fcomments&post=1372"}],"version-history":[{"count":0,"href":"https:\/\/storytellers.se\/index.php?rest_route=\/wp\/v2\/posts\/1372\/revisions"}],"wp:attachment":[{"href":"https:\/\/storytellers.se\/index.php?rest_route=%2Fwp%2Fv2%2Fmedia&parent=1372"}],"wp:term":[{"taxonomy":"category","embeddable":true,"href":"https:\/\/storytellers.se\/index.php?rest_route=%2Fwp%2Fv2%2Fcategories&post=1372"},{"taxonomy":"post_tag","embeddable":true,"href":"https:\/\/storytellers.se\/index.php?rest_route=%2Fwp%2Fv2%2Ftags&post=1372"}],"curies":[{"name":"wp","href":"https:\/\/api.w.org\/{rel}","templated":true}]}}