{"id":1370,"date":"2007-03-29T13:40:00","date_gmt":"2007-03-29T12:40:00","guid":{"rendered":"http:\/\/heijbel.wordpress.com\/2007\/03\/29\/for-kyrkor-och-forsamlingar"},"modified":"2007-03-29T13:40:00","modified_gmt":"2007-03-29T12:40:00","slug":"for-kyrkor-och-forsamlingar","status":"publish","type":"post","link":"https:\/\/storytellers.se\/?p=1370","title":{"rendered":"F\u00f6r kyrkor och f\u00f6rsamlingar"},"content":{"rendered":"<p>Jag kommer den 10 maj att h\u00e5lla en workshop av seminariekarakt\u00e4r som v\u00e4nder sig speciellt till m\u00e4nniskor i Svenska Kyrkan och till de aktiva i f\u00f6rsamlingarna.<\/p>\n<p><!--more--><br \/>\nBudskapet som kyrkan f\u00f6rvaltar sk\u00f6ter f\u00f6rst\u00e5s kyrkan sj\u00e4lv. Jag ska bara tala om storytelling ur ett organisationsperspektiiv. Arrang\u00f6r \u00e4r Cumpan som presenterar seminariet <a href=\"http:\/\/www.cumpan.se\/tjanster\/vardskap_storytelling\/\"> s\u00e5 h\u00e4r<\/a>.<br \/>\nCumpan anser att n\u00e4r nu f\u00f6retagen i v\u00e5rt samh\u00e4lle allt mer \u00e5teruppt\u00e4cker ber\u00e4ttelsernas v\u00e4rde och ber\u00e4ttandets konst s\u00e5 \u00e4r det ocks\u00e5 tid f\u00f6r en revival i kyrkorna och i f\u00f6rsamlingsv\u00e4rlden. N\u00e4r konkurrensen om m\u00e4nniskornas uppm\u00e4rksamhet tar sig alla m\u00f6jliga uttryck \u00e4r det tid att ocks\u00e5 uppv\u00e4rdera det enkla och starka i m\u00f6tet, m\u00e4nniska till m\u00e4nniska.<br \/>\nDet kan bland annat underl\u00e4ttas genom en medveten storytelling i organisationen.<\/p>\n","protected":false},"excerpt":{"rendered":"<p>Jag kommer den 10 maj att h\u00e5lla en workshop av seminariekarakt\u00e4r som v\u00e4nder sig speciellt till m\u00e4nniskor i Svenska Kyrkan och till de aktiva i f\u00f6rsamlingarna.<\/p>\n","protected":false},"author":2,"featured_media":0,"comment_status":"open","ping_status":"closed","sticky":false,"template":"","format":"standard","meta":[],"categories":[9],"tags":[],"_links":{"self":[{"href":"https:\/\/storytellers.se\/index.php?rest_route=\/wp\/v2\/posts\/1370"}],"collection":[{"href":"https:\/\/storytellers.se\/index.php?rest_route=\/wp\/v2\/posts"}],"about":[{"href":"https:\/\/storytellers.se\/index.php?rest_route=\/wp\/v2\/types\/post"}],"author":[{"embeddable":true,"href":"https:\/\/storytellers.se\/index.php?rest_route=\/wp\/v2\/users\/2"}],"replies":[{"embeddable":true,"href":"https:\/\/storytellers.se\/index.php?rest_route=%2Fwp%2Fv2%2Fcomments&post=1370"}],"version-history":[{"count":0,"href":"https:\/\/storytellers.se\/index.php?rest_route=\/wp\/v2\/posts\/1370\/revisions"}],"wp:attachment":[{"href":"https:\/\/storytellers.se\/index.php?rest_route=%2Fwp%2Fv2%2Fmedia&parent=1370"}],"wp:term":[{"taxonomy":"category","embeddable":true,"href":"https:\/\/storytellers.se\/index.php?rest_route=%2Fwp%2Fv2%2Fcategories&post=1370"},{"taxonomy":"post_tag","embeddable":true,"href":"https:\/\/storytellers.se\/index.php?rest_route=%2Fwp%2Fv2%2Ftags&post=1370"}],"curies":[{"name":"wp","href":"https:\/\/api.w.org\/{rel}","templated":true}]}}