{"id":1368,"date":"2007-03-28T20:01:13","date_gmt":"2007-03-28T19:01:13","guid":{"rendered":"http:\/\/heijbel.wordpress.com\/2007\/03\/28\/green-peace-som-storyteller"},"modified":"2007-03-28T20:01:13","modified_gmt":"2007-03-28T19:01:13","slug":"green-peace-som-storyteller","status":"publish","type":"post","link":"https:\/\/storytellers.se\/?p=1368","title":{"rendered":"Green Peace som storyteller"},"content":{"rendered":"<p>I Dagens Media skriver Green Peace-mannen Jan Isakson att Storytelling genomsyrar Green Peace. Han ber\u00e4ttar om hur GP blev storymedvetna och b\u00f6rjade regissera verkligheten. <a href=\"http:\/\/www.dagensmedia.se\/mallar\/dagensmedia_mall.asp?version=104408\">L\u00e4s sj\u00e4lv<\/a>.<\/p>\n","protected":false},"excerpt":{"rendered":"<p>I Dagens Media skriver Green Peace-mannen Jan Isakson att Storytelling genomsyrar Green Peace. Han ber\u00e4ttar om hur GP blev storymedvetna och b\u00f6rjade regissera verkligheten. L\u00e4s sj\u00e4lv.<\/p>\n","protected":false},"author":2,"featured_media":0,"comment_status":"open","ping_status":"closed","sticky":false,"template":"","format":"standard","meta":[],"categories":[2],"tags":[],"_links":{"self":[{"href":"https:\/\/storytellers.se\/index.php?rest_route=\/wp\/v2\/posts\/1368"}],"collection":[{"href":"https:\/\/storytellers.se\/index.php?rest_route=\/wp\/v2\/posts"}],"about":[{"href":"https:\/\/storytellers.se\/index.php?rest_route=\/wp\/v2\/types\/post"}],"author":[{"embeddable":true,"href":"https:\/\/storytellers.se\/index.php?rest_route=\/wp\/v2\/users\/2"}],"replies":[{"embeddable":true,"href":"https:\/\/storytellers.se\/index.php?rest_route=%2Fwp%2Fv2%2Fcomments&post=1368"}],"version-history":[{"count":0,"href":"https:\/\/storytellers.se\/index.php?rest_route=\/wp\/v2\/posts\/1368\/revisions"}],"wp:attachment":[{"href":"https:\/\/storytellers.se\/index.php?rest_route=%2Fwp%2Fv2%2Fmedia&parent=1368"}],"wp:term":[{"taxonomy":"category","embeddable":true,"href":"https:\/\/storytellers.se\/index.php?rest_route=%2Fwp%2Fv2%2Fcategories&post=1368"},{"taxonomy":"post_tag","embeddable":true,"href":"https:\/\/storytellers.se\/index.php?rest_route=%2Fwp%2Fv2%2Ftags&post=1368"}],"curies":[{"name":"wp","href":"https:\/\/api.w.org\/{rel}","templated":true}]}}