{"id":1364,"date":"2007-03-26T20:06:23","date_gmt":"2007-03-26T19:06:23","guid":{"rendered":"http:\/\/heijbel.wordpress.com\/2007\/03\/26\/antimarket-som-varumarke"},"modified":"2007-03-26T20:06:23","modified_gmt":"2007-03-26T19:06:23","slug":"antimarket-som-varumarke","status":"publish","type":"post","link":"https:\/\/storytellers.se\/?p=1364","title":{"rendered":"Antim\u00e4rket som varum\u00e4rke"},"content":{"rendered":"<p>Jag har ett par antim\u00e4rkesskor p\u00e5 mig. Det \u00e4r Adbusters som utmanar skokapitalet i form av exempelvis Nike och Adidas med en sko gjord i hampa, andra nedrytbara material och med sula av&#8230;<\/p>\n<p><!--more--><br \/>\n&#8230;\u00e5teranv\u00e4nda bild\u00e4ck. De \u00e4r helt ok och jag har dem g\u00e4rna. Men f\u00f6r mig \u00e4r det ocks\u00e5 f\u00f6r att jag p\u00e5 mina f\u00f6rel\u00e4sningar vill kunna tala med deltagarna om den inbyggda storyn i denna sko. L\u00e4ngst fram p\u00e5 skon sitter en r\u00f6d handm\u00e5lad prick.<br \/>\nDen ska m\u00e4nniskor fr\u00e5ga om, \u00e4r det t\u00e4nkt:<br \/>\n\u2013 Varf\u00f6r har du en r\u00f6d prick d\u00e4r.<br \/>\nD\u00e5 ska jag svara n\u00e5t i stil med:<br \/>\n\u2013 Med den ska jag sparka varum\u00e4rkeskapialet i arslet. Jag ska g\u00e4rna till\u00e4gga att de som tillverkar skon \u00e4r vuxna och att de \u00e4r anslutna till facket.<br \/>\nS\u00e5 kan man ocks\u00e5 bygga ett varum\u00e4rke med en v\u00e4rdeladdad story. Genom att lansera en antivarum\u00e4rkessko som har en unik handm\u00e5lad antilogga i form av en prick p\u00e5 varje sko. En r\u00e4ttvisesko som \u00e4r producerad s\u00e5 att ingen \u00e4r allts\u00e5 den andra lik.<br \/>\nN\u00e4r jag k\u00f6pte den s\u00e5 fick jag ocks\u00e5 en aktie i f\u00f6retaget s\u00e5 jag har r\u00f6str\u00e4tt och kan vara med och p\u00e5verka utvecklingen. Dessutom finns bloggar kring dessa skor och den v\u00e4rldsbild de anser sig representera.<br \/>\nSe sj\u00e4lv <a href=\"http:\/\/adbusters.org\/metas\/corpo\/blackspotshoes\/home.php\">bilderna av dem<\/a>. Jag har de gr\u00f6na skorna till h\u00f6ger med \u00e4kta bild\u00e4ck i sulan. Klicka f\u00f6rst p\u00e5 More info sen p\u00e5 More photos s\u00e5 f\u00e5r du veta mer om de inbyggda budskapen.<\/p>\n","protected":false},"excerpt":{"rendered":"<p>Jag har ett par antim\u00e4rkesskor p\u00e5 mig. Det \u00e4r Adbusters som utmanar skokapitalet i form av exempelvis Nike och Adidas med en sko gjord i hampa, andra nedrytbara material och med sula av&#8230;<\/p>\n","protected":false},"author":2,"featured_media":0,"comment_status":"open","ping_status":"closed","sticky":false,"template":"","format":"standard","meta":[],"categories":[2],"tags":[],"_links":{"self":[{"href":"https:\/\/storytellers.se\/index.php?rest_route=\/wp\/v2\/posts\/1364"}],"collection":[{"href":"https:\/\/storytellers.se\/index.php?rest_route=\/wp\/v2\/posts"}],"about":[{"href":"https:\/\/storytellers.se\/index.php?rest_route=\/wp\/v2\/types\/post"}],"author":[{"embeddable":true,"href":"https:\/\/storytellers.se\/index.php?rest_route=\/wp\/v2\/users\/2"}],"replies":[{"embeddable":true,"href":"https:\/\/storytellers.se\/index.php?rest_route=%2Fwp%2Fv2%2Fcomments&post=1364"}],"version-history":[{"count":0,"href":"https:\/\/storytellers.se\/index.php?rest_route=\/wp\/v2\/posts\/1364\/revisions"}],"wp:attachment":[{"href":"https:\/\/storytellers.se\/index.php?rest_route=%2Fwp%2Fv2%2Fmedia&parent=1364"}],"wp:term":[{"taxonomy":"category","embeddable":true,"href":"https:\/\/storytellers.se\/index.php?rest_route=%2Fwp%2Fv2%2Fcategories&post=1364"},{"taxonomy":"post_tag","embeddable":true,"href":"https:\/\/storytellers.se\/index.php?rest_route=%2Fwp%2Fv2%2Ftags&post=1364"}],"curies":[{"name":"wp","href":"https:\/\/api.w.org\/{rel}","templated":true}]}}