{"id":1362,"date":"2007-03-26T15:11:40","date_gmt":"2007-03-26T14:11:40","guid":{"rendered":"http:\/\/heijbel.wordpress.com\/2007\/03\/26\/fint-berom"},"modified":"2007-03-26T15:11:40","modified_gmt":"2007-03-26T14:11:40","slug":"fint-berom","status":"publish","type":"post","link":"https:\/\/storytellers.se\/?p=1362","title":{"rendered":"Fint ber\u00f6m"},"content":{"rendered":"<p>B\u00e5de www.storytellers.se och jag sj\u00e4lv har f\u00e5tt fint ber\u00f6m i dagarna. Orkar du med lite sj\u00e4lvskryt s\u00e5 klicka p\u00e5 l\u00e4nken Fint ber\u00f6m h\u00e4r under:<\/p>\n<p><!--more--><br \/>\nF\u00f6rst \u00e4r det Fredrik Wass som, i pappersupplagan av tidningen Internetworld, v\u00e4ljer ut Storytellers.se som en av tre riktigt bra svenska proffsbloggar. Internetworld \u00e4r ju &#8221;aff\u00e4rstidningen f\u00f6r dig som ska lyckas p\u00e5 n\u00e4tet&#8221;.<br \/>\nS\u00e5 h\u00e4r skriver Fredrik Wass om den h\u00e4r webbplatsen:<br \/>\n&#8221; En blogg fr\u00e5n Storytellergurun Matts Heijbel. Han skriver engagerat om hur man kan anv\u00e4nda storytelling i organisationer. En metod som g\u00e5r att applicera i allt fr\u00e5n reklam till internkommunikation och stratgeiarbete. &#8221;<br \/>\nJag tackar. Det \u00e4r precis min ambition att vara \u00f6ppen och engagerad och dela med mig av mina erfarenheter rakt och \u00e4rligt fr\u00e5n de senaste \u00e5rens utveckling p\u00e5 det h\u00e4r omr\u00e5det, inklusive utvecklingen av mig sj\u00e4lv.<br \/>\nH\u00e4r finns nu n\u00e4stan 400 texter f\u00f6r den som vill vrida och v\u00e4nda p\u00e5 detta och som lockas av magin i de sanna ber\u00e4ttelserna. Som vill veta hur man sk\u00f6rdar dem fr\u00e5n verkligheten och hur man s\u00e4tter dem i arbete.<br \/>\nDet andra ber\u00f6mmet kom h\u00e4romdagen i och med utv\u00e4rderingen fr\u00e5n deltagarna i kund- och CRM-konferensen The Conference 07. 170 personer bes\u00f6kte Berns f\u00f6r tv\u00e5 veckor sen d\u00e4r mitt uppdrag vara att tala om hur man St\u00e4rker varum\u00e4rket med hj\u00e4lp av Corporate Storytelling.<br \/>\nSammanlagt 20 personer framtr\u00e4dde p\u00e5 konferensen. Tio var f\u00f6redragsh\u00e5llare och tio var heta-stolen-g\u00e4ster. I utv\u00e4rderingen satte 57 procent mig som b\u00e4sta talare. Bara Camilla Carlell fr\u00e5n Xlent fick b\u00e4ttre totalomd\u00f6me. Hon slog slog mig med en nosl\u00e4ngd.<br \/>\nDet \u00e4r f\u00f6rst\u00e5s gl\u00e4djande f\u00f6r b\u00e5de Camilla och mig. Jag satsar medvetet som storyteller p\u00e5 att leverera en upplevelse n\u00e4r jag talar. En upplevelse som visar hur emotionell kommuniktion kan l\u00e5ta och hur det emotionella kan vara ett bra komplement till det allm\u00e4nt f\u00f6rekommande faktuella ber\u00e4ttandet med pilar, boxar och positioneringsdiagram.<\/p>\n","protected":false},"excerpt":{"rendered":"<p>B\u00e5de www.storytellers.se och jag sj\u00e4lv har f\u00e5tt fint ber\u00f6m i dagarna. Orkar du med lite sj\u00e4lvskryt s\u00e5 klicka p\u00e5 l\u00e4nken Fint ber\u00f6m h\u00e4r under:<\/p>\n","protected":false},"author":2,"featured_media":0,"comment_status":"open","ping_status":"closed","sticky":false,"template":"","format":"standard","meta":[],"categories":[2],"tags":[],"_links":{"self":[{"href":"https:\/\/storytellers.se\/index.php?rest_route=\/wp\/v2\/posts\/1362"}],"collection":[{"href":"https:\/\/storytellers.se\/index.php?rest_route=\/wp\/v2\/posts"}],"about":[{"href":"https:\/\/storytellers.se\/index.php?rest_route=\/wp\/v2\/types\/post"}],"author":[{"embeddable":true,"href":"https:\/\/storytellers.se\/index.php?rest_route=\/wp\/v2\/users\/2"}],"replies":[{"embeddable":true,"href":"https:\/\/storytellers.se\/index.php?rest_route=%2Fwp%2Fv2%2Fcomments&post=1362"}],"version-history":[{"count":0,"href":"https:\/\/storytellers.se\/index.php?rest_route=\/wp\/v2\/posts\/1362\/revisions"}],"wp:attachment":[{"href":"https:\/\/storytellers.se\/index.php?rest_route=%2Fwp%2Fv2%2Fmedia&parent=1362"}],"wp:term":[{"taxonomy":"category","embeddable":true,"href":"https:\/\/storytellers.se\/index.php?rest_route=%2Fwp%2Fv2%2Fcategories&post=1362"},{"taxonomy":"post_tag","embeddable":true,"href":"https:\/\/storytellers.se\/index.php?rest_route=%2Fwp%2Fv2%2Ftags&post=1362"}],"curies":[{"name":"wp","href":"https:\/\/api.w.org\/{rel}","templated":true}]}}