{"id":1360,"date":"2007-03-24T12:15:18","date_gmt":"2007-03-24T11:15:18","guid":{"rendered":"http:\/\/heijbel.wordpress.com\/2007\/03\/24\/dummare-an-taget"},"modified":"2007-03-24T12:15:18","modified_gmt":"2007-03-24T11:15:18","slug":"dummare-an-taget","status":"publish","type":"post","link":"https:\/\/storytellers.se\/?p=1360","title":{"rendered":"Dummare \u00e4n t\u00e5get"},"content":{"rendered":"<p>Jag tr\u00e4ffade Green Cargo h\u00e4romdagen. N\u00e4r jag f\u00f6rberedde mig kom jag att t\u00e4nka p\u00e5 uttrycket Dummare \u00e4n t\u00e5get. Var kommer det uttrycket ifr\u00e5n? Jag kollade &#8230;<\/p>\n<p><!--more--><br \/>\n&#8230;upp det och det visade sig vara en r\u00e4tt kul story.<br \/>\nS\u00e5 h\u00e4r ligger det till med uttrycket att n\u00e5gon \u00e4r Dummare \u00e4n t\u00e5get:<br \/>\nN\u00e4r de f\u00f6rsta svenska t\u00e5gen importerades till Sverige fr\u00e5n England 1856 s\u00e5 d\u00f6ptes de efter kungligheter. Ett av loken, som f\u00f6r \u00f6vrigt fortfarande finns p\u00e5 j\u00e4rnv\u00e4gsmuseet i G\u00e4vle, d\u00f6ptes till Prins August efter Oskar II:s bror August.<br \/>\nDet var v\u00e4l inget mer med det om det inte hade varit s\u00e5 att Prins August var k\u00e4nd i landet f\u00f6r att vara m\u00e5ttligt beg\u00e5vad. Man skulle rent av kunna s\u00e4ga att han var r\u00e4tt dum i huvudet. Det var allm\u00e4nt k\u00e4nt men inte helt l\u00e4tt att tala om \u00f6ppet.<br \/>\nHan var allts\u00e5 en k\u00e4ndis i 1850-talets Sverige, k\u00e4nd f\u00f6r sin obeg\u00e5vning.<br \/>\nMen detta var ju innan demokratin och yttrandefriheten hade slagit igenom i praktiken. Det skulle f\u00f6rmodligen ha betraktats som majest\u00e4tsbrott att g\u00f6ra sig lustig \u00f6ver att Prins August var s\u00e5 obeg\u00e5vdad.<br \/>\nD\u00e5 spred sig uttrycket Dummare \u00e4n t\u00e5get eftersom ett av de f\u00f6rsta loken f\u00e5tt sitt namn efter den obeg\u00e5vade prinsen.<br \/>\n\u2013 Du \u00e4r ju dummare \u00e4n t\u00e5get!<br \/>\nS\u00e5 Green Cargo beh\u00f6ver inte misstr\u00f6sta. Det som de vet och som alla t\u00e5gentusiaster vet \u00e4r att t\u00e5get inte alls \u00e4r dumt utan att det \u00e4r milj\u00f6v\u00e4nligt att anv\u00e4nda j\u00e4rnv\u00e4gen. Smart.<br \/>\nDet var allts\u00e5 prinsen som var dum. Inget illa talat om t\u00e5get!<br \/>\nDu \u00e4r ju dummare \u00e4n Prins August menade man allts\u00e5 n\u00e4r man talade om t\u00e5get &#8211; och det vill inte s\u00e4ga lite att vara s\u00e5 dum&#8230;alla uttryck har sin historia.<\/p>\n","protected":false},"excerpt":{"rendered":"<p>Jag tr\u00e4ffade Green Cargo h\u00e4romdagen. N\u00e4r jag f\u00f6rberedde mig kom jag att t\u00e4nka p\u00e5 uttrycket Dummare \u00e4n t\u00e5get. Var kommer det uttrycket ifr\u00e5n? Jag kollade &#8230;<\/p>\n","protected":false},"author":2,"featured_media":0,"comment_status":"open","ping_status":"closed","sticky":false,"template":"","format":"standard","meta":[],"categories":[2],"tags":[],"_links":{"self":[{"href":"https:\/\/storytellers.se\/index.php?rest_route=\/wp\/v2\/posts\/1360"}],"collection":[{"href":"https:\/\/storytellers.se\/index.php?rest_route=\/wp\/v2\/posts"}],"about":[{"href":"https:\/\/storytellers.se\/index.php?rest_route=\/wp\/v2\/types\/post"}],"author":[{"embeddable":true,"href":"https:\/\/storytellers.se\/index.php?rest_route=\/wp\/v2\/users\/2"}],"replies":[{"embeddable":true,"href":"https:\/\/storytellers.se\/index.php?rest_route=%2Fwp%2Fv2%2Fcomments&post=1360"}],"version-history":[{"count":0,"href":"https:\/\/storytellers.se\/index.php?rest_route=\/wp\/v2\/posts\/1360\/revisions"}],"wp:attachment":[{"href":"https:\/\/storytellers.se\/index.php?rest_route=%2Fwp%2Fv2%2Fmedia&parent=1360"}],"wp:term":[{"taxonomy":"category","embeddable":true,"href":"https:\/\/storytellers.se\/index.php?rest_route=%2Fwp%2Fv2%2Fcategories&post=1360"},{"taxonomy":"post_tag","embeddable":true,"href":"https:\/\/storytellers.se\/index.php?rest_route=%2Fwp%2Fv2%2Ftags&post=1360"}],"curies":[{"name":"wp","href":"https:\/\/api.w.org\/{rel}","templated":true}]}}