{"id":1358,"date":"2007-03-22T10:23:41","date_gmt":"2007-03-22T09:23:41","guid":{"rendered":"http:\/\/heijbel.wordpress.com\/2007\/03\/22\/tank-i-bilder"},"modified":"2007-03-22T10:23:41","modified_gmt":"2007-03-22T09:23:41","slug":"tank-i-bilder","status":"publish","type":"post","link":"https:\/\/storytellers.se\/?p=1358","title":{"rendered":"T\u00e4nk i bilder"},"content":{"rendered":"<p>Fr\u00e5ga:<br \/>\nHur ska man g\u00f6ra f\u00f6r att komma in i ber\u00e4ttelsen p\u00e5 r\u00e4tt s\u00e4tt?<\/p>\n<p><!--more--><br \/>\nSvar:<br \/>\nDet finns m\u00e5nga dramaturgiska metoder f\u00f6r att bygga en bra story n\u00e4r man v\u00e4l vet vad man vill ber\u00e4tta om. Ett bra knep \u00e4r att t\u00e4nka filmiskt, i bilder.<br \/>\nI regel ber\u00e4ttar vi generaliserande abstrakt och logiskt teoretiskt n\u00e4r vi talar om arbetslivet. Trots att livet p\u00e5 jobbet i regel \u00e4r lika m\u00e4nskligt n\u00e4ra som vilket vardagsliv som helst.<br \/>\nJag brukar d\u00e5, p\u00e5 storysk\u00f6rdefester och utbildningar, s\u00e4ga till deltagarna att de kan bilds\u00e4tta den h\u00e4ndelse de vill beskriva i sitt eget huvud f\u00f6rst. Sen kan de l\u00e4gga till orden som beskriver det de ser f\u00f6r sitt inre.<br \/>\nDet kan vara ett s\u00e4tt att ta klivet \u00f6ver fr\u00e5n abstraktion till konkretion. Fr\u00e5n generalisering till specifik h\u00e4ndelse.<\/p>\n","protected":false},"excerpt":{"rendered":"<p>Fr\u00e5ga: Hur ska man g\u00f6ra f\u00f6r att komma in i ber\u00e4ttelsen p\u00e5 r\u00e4tt s\u00e4tt?<\/p>\n","protected":false},"author":2,"featured_media":0,"comment_status":"open","ping_status":"closed","sticky":false,"template":"","format":"standard","meta":[],"categories":[6],"tags":[],"_links":{"self":[{"href":"https:\/\/storytellers.se\/index.php?rest_route=\/wp\/v2\/posts\/1358"}],"collection":[{"href":"https:\/\/storytellers.se\/index.php?rest_route=\/wp\/v2\/posts"}],"about":[{"href":"https:\/\/storytellers.se\/index.php?rest_route=\/wp\/v2\/types\/post"}],"author":[{"embeddable":true,"href":"https:\/\/storytellers.se\/index.php?rest_route=\/wp\/v2\/users\/2"}],"replies":[{"embeddable":true,"href":"https:\/\/storytellers.se\/index.php?rest_route=%2Fwp%2Fv2%2Fcomments&post=1358"}],"version-history":[{"count":0,"href":"https:\/\/storytellers.se\/index.php?rest_route=\/wp\/v2\/posts\/1358\/revisions"}],"wp:attachment":[{"href":"https:\/\/storytellers.se\/index.php?rest_route=%2Fwp%2Fv2%2Fmedia&parent=1358"}],"wp:term":[{"taxonomy":"category","embeddable":true,"href":"https:\/\/storytellers.se\/index.php?rest_route=%2Fwp%2Fv2%2Fcategories&post=1358"},{"taxonomy":"post_tag","embeddable":true,"href":"https:\/\/storytellers.se\/index.php?rest_route=%2Fwp%2Fv2%2Ftags&post=1358"}],"curies":[{"name":"wp","href":"https:\/\/api.w.org\/{rel}","templated":true}]}}