{"id":1356,"date":"2007-03-21T10:53:04","date_gmt":"2007-03-21T09:53:04","guid":{"rendered":"http:\/\/heijbel.wordpress.com\/2007\/03\/21\/varfor"},"modified":"2007-03-21T10:53:04","modified_gmt":"2007-03-21T09:53:04","slug":"varfor","status":"publish","type":"post","link":"https:\/\/storytellers.se\/?p=1356","title":{"rendered":"Varf\u00f6r?"},"content":{"rendered":"<p>Fr\u00e5ga:<br \/>\nVarf\u00f6r ska man h\u00e5lla p\u00e5 med storytelling i f\u00f6retaget?<\/p>\n<p><!--more--><br \/>\nSvar:<br \/>\nAtt avst\u00e5 fr\u00e5n att anv\u00e4nda sitt ber\u00e4ttarkapital \u00e4r som att h\u00e5lla tyst.<br \/>\nVill ni p\u00e5verka ber\u00e4ttandet om er organisation och era tj\u00e4nster och produkter? Vill ni p\u00e5verka snacket? D\u00e5 har ni en uppgift framf\u00f6r er att sk\u00f6rda ur er organisations sanna ber\u00e4ttarkapital.<br \/>\nBer\u00e4ttelser ur verkligheten har en helt annan tyngd \u00e4n sagor, skr\u00f6nor och p\u00e5hittade lustigheter n\u00e4r det g\u00e4ller att befolka varum\u00e4rket och leverera merv\u00e4rden.<br \/>\nBer\u00e4ttelserna finns d\u00e4r. Ni beh\u00f6ver inte hitta p\u00e5 dem. Men ni m\u00e5ste reflektera \u00f6ver vad ni s\u00f6ker och hur ni strategiskt ska kunna s\u00e4tta era viktigaste ber\u00e4ttelser i arbete. G\u00f6r ni det s\u00e5 \u00e4r ni storytellermedvetna.<br \/>\nF\u00f6r mig \u00e4r det obegripligt att inte varenda f\u00f6retag och organisation g\u00f6r detta under ordnade former. Jag \u00e4r \u00f6vertygad om att vi om n\u00e5gra \u00e5r kommer att ha ansvariga f\u00f6r ber\u00e4ttarkapitalet i de flesta organisationer. Men fortfarande \u00e4r vi lite outvecklade p\u00e5 den fronten h\u00e4r uppe i norr.<br \/>\nS\u00e5 svaret p\u00e5 din fr\u00e5ga \u00e4r att man ska h\u00e5lla p\u00e5 med Corporate Storytelling f\u00f6r att n\u00e5 aff\u00e4rsm\u00e4ssig framg\u00e5ng, ha l\u00e4ttare att rekrytera r\u00e4tt och dessutom f\u00f6r att det \u00e4r kul och g\u00f6r att man fattar vad man h\u00e5ller p\u00e5 med.<br \/>\nMan ska f\u00f6rst\u00e5s ocks\u00e5 ta vara p\u00e5 de kunder som vill vara vittnen och evangelister ( som en del s\u00e4ger i USA ). Men d\u00e5 m\u00e5ste man fr\u00e5ga, sk\u00f6rda och leverera de viktigaste kundber\u00e4ttelserna. S\u00e5dant arbetar en Corporate Storyteller ocks\u00e5 med.<\/p>\n","protected":false},"excerpt":{"rendered":"<p>Fr\u00e5ga: Varf\u00f6r ska man h\u00e5lla p\u00e5 med storytelling i f\u00f6retaget?<\/p>\n","protected":false},"author":2,"featured_media":0,"comment_status":"open","ping_status":"closed","sticky":false,"template":"","format":"standard","meta":[],"categories":[6],"tags":[],"_links":{"self":[{"href":"https:\/\/storytellers.se\/index.php?rest_route=\/wp\/v2\/posts\/1356"}],"collection":[{"href":"https:\/\/storytellers.se\/index.php?rest_route=\/wp\/v2\/posts"}],"about":[{"href":"https:\/\/storytellers.se\/index.php?rest_route=\/wp\/v2\/types\/post"}],"author":[{"embeddable":true,"href":"https:\/\/storytellers.se\/index.php?rest_route=\/wp\/v2\/users\/2"}],"replies":[{"embeddable":true,"href":"https:\/\/storytellers.se\/index.php?rest_route=%2Fwp%2Fv2%2Fcomments&post=1356"}],"version-history":[{"count":0,"href":"https:\/\/storytellers.se\/index.php?rest_route=\/wp\/v2\/posts\/1356\/revisions"}],"wp:attachment":[{"href":"https:\/\/storytellers.se\/index.php?rest_route=%2Fwp%2Fv2%2Fmedia&parent=1356"}],"wp:term":[{"taxonomy":"category","embeddable":true,"href":"https:\/\/storytellers.se\/index.php?rest_route=%2Fwp%2Fv2%2Fcategories&post=1356"},{"taxonomy":"post_tag","embeddable":true,"href":"https:\/\/storytellers.se\/index.php?rest_route=%2Fwp%2Fv2%2Ftags&post=1356"}],"curies":[{"name":"wp","href":"https:\/\/api.w.org\/{rel}","templated":true}]}}