{"id":1354,"date":"2007-03-21T09:40:39","date_gmt":"2007-03-21T08:40:39","guid":{"rendered":"http:\/\/heijbel.wordpress.com\/2007\/03\/21\/world-storytelling-day"},"modified":"2007-03-21T09:40:39","modified_gmt":"2007-03-21T08:40:39","slug":"world-storytelling-day","status":"publish","type":"post","link":"https:\/\/storytellers.se\/?p=1354","title":{"rendered":"World Storytelling Day"},"content":{"rendered":"<p>I g\u00e5r firades World Storytelling Day p\u00e5 m\u00e5nga h\u00e5ll i landet, i v\u00e5ra grannl\u00e4nder och faktiskt runt hela jorden. En dag f\u00f6r att fokusera och h\u00f6gtidligh\u00e5lla ber\u00e4ttandets kraft genom att just &#8211; ber\u00e4tta. M\u00e5nga hade i \u00e5r ber\u00e4ttelser p\u00e5 temat vandring. Hur kommer d\u00e5 Corporate Storytelling in i det h\u00e4r?<\/p>\n<p><!--more--><br \/>\nDen s\u00e5 kallade ber\u00e4ttarr\u00f6relsen har i stort sett inte tagit till sig att f\u00f6retagen \u00e4r dagens byar. De som ber\u00e4ttar folkloristiskt och ser sig som artister och kulturarbetare inser s\u00e4llan att de ber\u00e4ttelser de framf\u00f6r kommer fr\u00e5n tidigare ekonomiska system och organisatoriska sammanhang.<br \/>\nJag, som Corporate Storyteller, menar att dagens organisationsber\u00e4ttelser i stor utstr\u00e4ckning kan bidra till morgondagens kulturber\u00e4ttande folklore. Ber\u00e4ttelser h\u00e5ller samman kulturer och m\u00e4nskliga organisationer i dag som f\u00f6rr. Jag r\u00f6r mig i nuet. I ett onlinef\u00f6rh\u00e5llande till ber\u00e4ttelserna just n\u00e4r de skapas.<br \/>\nI den meningen kan ber\u00e4ttarr\u00f6relsen framst\u00e5 mer som underh\u00e5llning av museal karakt\u00e4r eller ibland som ber\u00e4ttare av egna jag-historier. Detta \u00e4r f\u00f6rst\u00e5s inte n\u00e5gon svaghet eller n\u00e5got fel. Det \u00e4r j\u00e4ttefint och viktigt. Men det \u00e4r n\u00e5got annat \u00e4n Corporate Storytelling.<br \/>\nJag vill betona att jag \u00e4lskar dessa jag-ber\u00e4ttelser och sagor och skr\u00f6nor. Jag och mina v\u00e4nner h\u00e5ller mycket p\u00e5 med detta ber\u00e4ttande p\u00e5 v\u00e5r fritid som ett s\u00e4tt att roa varandra och umg\u00e5s.<br \/>\nCS \u00e4r, precis som m\u00e5nga traditonella ber\u00e4ttelser en g\u00e5ng var, ett s\u00e4tt att h\u00e5lla samman flocken och str\u00e4va mot framg\u00e5ng och \u00f6verlevnad. CS visar och speglar dilemman och v\u00e4rderingar. Precis som traditionella ber\u00e4ttelser en g\u00e5ng hade till ursprunglig uppgift att g\u00f6ra.<br \/>\nF\u00f6r mig, som i mitt arbete fokuserar dagens ber\u00e4ttelser, de som \u00e4nnu inte blivit torra bakom \u00f6ronen, \u00e4r den verklighet som du och jag lever i idag, p\u00e5 jobbet, i centrum.<br \/>\nDet hindrar inte att de tv\u00e5 v\u00e4rldarna m\u00f6ts ibland. Helande storytelling \u00e4r ett sp\u00e4nnande exempel. Och givetvis de tidl\u00f6sa kristna ber\u00e4ttelserna.<br \/>\nSj\u00e4lv \u00e4r jag just nu indragen i en diskussion om att eventuelllt sk\u00f6rda \u00e4ldrestories i en kommun. Allts\u00e5 verkliga ber\u00e4ttelser d\u00e4r de gamla, deras anh\u00f6riga  och personalen p\u00e5 institutionen st\u00e5r i centrum. Inte en situation d\u00e4r n\u00e5gon kommer till de gamla f\u00f6r att och underh\u00e5lla och ber\u00e4tta.<br \/>\nDet betyder allts\u00e5 sammantaget att delar av dagens f\u00f6retagsfolklore \u00e4r morgondagens kulturfolklore. De kulturer jag r\u00f6r mig i \u00e4r d\u00e4rf\u00f6r i huvudsak dagens f\u00f6retagskulturer d\u00e4r jag sk\u00f6rdar ber\u00e4ttarkapitalet f\u00f6r att organisationer och m\u00e4nniskor ska n\u00e5 sj\u00e4lvinsikt och framg\u00e5ng.<br \/>\nD\u00e4r har jag f\u00f6rst\u00e5s nytta och gl\u00e4dje av verktygen fr\u00e5n mina studier i etnologi, antropologi och religion. Verktyg som jag l\u00e5nar in i dagens organisationsverklighet.<br \/>\nEn Corporate Storyteller kommer inte f\u00f6r att ber\u00e4tta. Han eller hon s\u00f6ker, sk\u00f6rdar och s\u00e4tter organisationes ber\u00e4ttelser i arbete.<br \/>\nJag hoppas och tror att Corporate Storytelling kan st\u00e5 sida vid sida med de traditionella kulturarbetarber\u00e4ttandet i en framtid. D\u00e5 som uttryck f\u00f6r den kultur som lever och skapas just precis nu.<\/p>\n","protected":false},"excerpt":{"rendered":"<p>I g\u00e5r firades World Storytelling Day p\u00e5 m\u00e5nga h\u00e5ll i landet, i v\u00e5ra grannl\u00e4nder och faktiskt runt hela jorden. En dag f\u00f6r att fokusera och h\u00f6gtidligh\u00e5lla ber\u00e4ttandets kraft genom att just &#8211; ber\u00e4tta. M\u00e5nga hade i \u00e5r ber\u00e4ttelser p\u00e5 temat vandring. Hur kommer d\u00e5 Corporate Storytelling in i det h\u00e4r?<\/p>\n","protected":false},"author":2,"featured_media":0,"comment_status":"open","ping_status":"closed","sticky":false,"template":"","format":"standard","meta":[],"categories":[2],"tags":[],"_links":{"self":[{"href":"https:\/\/storytellers.se\/index.php?rest_route=\/wp\/v2\/posts\/1354"}],"collection":[{"href":"https:\/\/storytellers.se\/index.php?rest_route=\/wp\/v2\/posts"}],"about":[{"href":"https:\/\/storytellers.se\/index.php?rest_route=\/wp\/v2\/types\/post"}],"author":[{"embeddable":true,"href":"https:\/\/storytellers.se\/index.php?rest_route=\/wp\/v2\/users\/2"}],"replies":[{"embeddable":true,"href":"https:\/\/storytellers.se\/index.php?rest_route=%2Fwp%2Fv2%2Fcomments&post=1354"}],"version-history":[{"count":0,"href":"https:\/\/storytellers.se\/index.php?rest_route=\/wp\/v2\/posts\/1354\/revisions"}],"wp:attachment":[{"href":"https:\/\/storytellers.se\/index.php?rest_route=%2Fwp%2Fv2%2Fmedia&parent=1354"}],"wp:term":[{"taxonomy":"category","embeddable":true,"href":"https:\/\/storytellers.se\/index.php?rest_route=%2Fwp%2Fv2%2Fcategories&post=1354"},{"taxonomy":"post_tag","embeddable":true,"href":"https:\/\/storytellers.se\/index.php?rest_route=%2Fwp%2Fv2%2Ftags&post=1354"}],"curies":[{"name":"wp","href":"https:\/\/api.w.org\/{rel}","templated":true}]}}