{"id":1350,"date":"2007-03-12T16:18:44","date_gmt":"2007-03-12T15:18:44","guid":{"rendered":"http:\/\/heijbel.wordpress.com\/2007\/03\/12\/till-forsakringskassan"},"modified":"2007-03-12T16:18:44","modified_gmt":"2007-03-12T15:18:44","slug":"till-forsakringskassan","status":"publish","type":"post","link":"https:\/\/storytellers.se\/?p=1350","title":{"rendered":"Till F\u00f6rs\u00e4kringskassan"},"content":{"rendered":"<p>P\u00e5 onsdag ska jag tr\u00e4ffa utredare fr\u00e5n F\u00f6rs\u00e4kringskassan f\u00f6r att se om och i s\u00e5 fall hur de skulle kunna anv\u00e4nda Corporate Storytelling f\u00f6r att sprida resultaten av sina analyser.<\/p>\n<p><!--more--><br \/>\nAnalysenheten p\u00e5 huvudkontorets utv\u00e4rderingsavdelning som bett mig komma. Det ska bli sp\u00e4nnande. Storytelling kan s\u00e4kert vara ett lockande dramaturgiskt s\u00e4tt att sprida kundskap om komplicerade och sammansatta skeenden.<\/p>\n","protected":false},"excerpt":{"rendered":"<p>P\u00e5 onsdag ska jag tr\u00e4ffa utredare fr\u00e5n F\u00f6rs\u00e4kringskassan f\u00f6r att se om och i s\u00e5 fall hur de skulle kunna anv\u00e4nda Corporate Storytelling f\u00f6r att sprida resultaten av sina analyser.<\/p>\n","protected":false},"author":2,"featured_media":0,"comment_status":"open","ping_status":"closed","sticky":false,"template":"","format":"standard","meta":[],"categories":[9],"tags":[],"_links":{"self":[{"href":"https:\/\/storytellers.se\/index.php?rest_route=\/wp\/v2\/posts\/1350"}],"collection":[{"href":"https:\/\/storytellers.se\/index.php?rest_route=\/wp\/v2\/posts"}],"about":[{"href":"https:\/\/storytellers.se\/index.php?rest_route=\/wp\/v2\/types\/post"}],"author":[{"embeddable":true,"href":"https:\/\/storytellers.se\/index.php?rest_route=\/wp\/v2\/users\/2"}],"replies":[{"embeddable":true,"href":"https:\/\/storytellers.se\/index.php?rest_route=%2Fwp%2Fv2%2Fcomments&post=1350"}],"version-history":[{"count":0,"href":"https:\/\/storytellers.se\/index.php?rest_route=\/wp\/v2\/posts\/1350\/revisions"}],"wp:attachment":[{"href":"https:\/\/storytellers.se\/index.php?rest_route=%2Fwp%2Fv2%2Fmedia&parent=1350"}],"wp:term":[{"taxonomy":"category","embeddable":true,"href":"https:\/\/storytellers.se\/index.php?rest_route=%2Fwp%2Fv2%2Fcategories&post=1350"},{"taxonomy":"post_tag","embeddable":true,"href":"https:\/\/storytellers.se\/index.php?rest_route=%2Fwp%2Fv2%2Ftags&post=1350"}],"curies":[{"name":"wp","href":"https:\/\/api.w.org\/{rel}","templated":true}]}}