{"id":1348,"date":"2007-03-09T15:45:59","date_gmt":"2007-03-09T14:45:59","guid":{"rendered":"http:\/\/heijbel.wordpress.com\/2007\/03\/09\/nyhetsbrev-21-sverigestories-mm"},"modified":"2007-03-09T15:45:59","modified_gmt":"2007-03-09T14:45:59","slug":"nyhetsbrev-21-sverigestories-mm","status":"publish","type":"post","link":"https:\/\/storytellers.se\/?p=1348","title":{"rendered":"Nyhetsbrev 21: Sverigestories mm"},"content":{"rendered":"<p>Nu har \u00f6ver 1400 prenumeranter f\u00e5tt det h\u00e4r nyhetsbrevet:<\/p>\n<p><!--more--><br \/>\nHej Storytellingv\u00e4n. Detta \u00e4r nyhetsbrev nr 21. Jag reflekterar lite \u00f6ver vad som h\u00e4nt sen sist och ber\u00e4ttar om utbildningar och konferenser p\u00e5 g\u00e5ng, ny uppsats, 1000 samlade Ikeastories mm.<br \/>\n++++++++++++++++++++++++++<br \/>\nMen f\u00f6rst lite om ber\u00e4ttelser om misstag och deras roll i Corporate Storytelling. Jag f\u00e5r ofta den fr\u00e5gan n\u00e4mligen. Kan man ber\u00e4tta om felbeslut och misstag och anv\u00e4nda sig av dem ocks\u00e5 n\u00e4r man h\u00e5ller p\u00e5 med CS.<br \/>\nSvaret \u00e4r f\u00f6rst\u00e5s att det \u00e4r klart man kan och ska, tycker jag. I internationella diskussionsbloggar talas ofta just om misstag som blivit till nytta n\u00e4r de f\u00f6rpackas i stories.<br \/>\nDet \u00e4r ju inte s\u00e5 konstigt, tycker jag. Ta din egen v\u00e4n som exempel. Visst bygger er relation p\u00e5 att ni ocks\u00e5 har fel och brister. Det \u00e4r ju olidligt med uppbl\u00e5sta \u00f6verm\u00e4nniskor som aldrig g\u00f6r, eller \u00e5tminstone inte erk\u00e4nner, n\u00e5gra svagheter eller misstag.<br \/>\nJag tror att lite sj\u00e4lvkritik och insikter om felsteg f\u00f6rpackade i sanna ber\u00e4ttelser fr\u00e5n verkligheten st\u00e4rker relationer och g\u00f6r s\u00e5 att vi kan ta ut ny riktning igen. Sj\u00e4lvklart, tycker jag egentligen. Men \u00e4r ocks\u00e5 en po\u00e4ng som en del av modern kundv\u00e5rd.<br \/>\n++++++++++++++++++++++++++<br \/>\nDetta om misstag kommer jag att ta upp som en del av mitt framf\u00f6rande p\u00e5 The Conference 07 som g\u00e5r p\u00e5 Berns p\u00e5 tisdag n\u00e4r Wednesday Relations har sin stora \u00e5rliga kundrelationskonferens med en god bit \u00f6ver 100 anm\u00e4lda g\u00e4ster.<br \/>\nEn annan konferens d\u00e4r jag f\u00e5r m\u00f6jlighet att tala om Corporate Storyteling \u00e4r IQPCs Utredarkonferens p\u00e5 Wennergen Center den 17 april. D\u00e4r ska jag tala bland annat om vilka m\u00f6jligheter byr\u00e5krater och utredare har att anv\u00e4nda CS f\u00f6r att kommunicera sin insikter och resultat.<br \/>\nDet skulle man kunna kalla CS i Kunskaps\u00f6verf\u00f6ringen, om man s\u00e5 vill. En slags Knowledge Management i svensk byr\u00e5krattappning. Jag menar d\u00e5 byr\u00e5krat i perspektivet stark, kompetent yrkesk\u00e5r. Vi har m\u00e5nga stolta integritetsfyllda byr\u00e5krater och utredare i Sverige.<br \/>\nSen tycker jag att det \u00e4r j\u00e4ttekul att Berghs School of Communication har givit mig f\u00f6rm\u00e5nen att till h\u00f6sten dra ig\u00e5ng en distansutbildning inom omr\u00e5det Corporate Storytelling. De ser att detta \u00e4r en allt tydligare avgr\u00e4nsad disciplin och dessutom att det g\u00e5r att ha som ett verktyg f\u00f6r marknadsf\u00f6rare och kommunikat\u00f6rer.<br \/>\nOm detta och annat h\u00e4r kan du l\u00e4sa mer p\u00e5 http:\/\/storytellers.se som uppdateras flera g\u00e5nger i veckan.<br \/>\n++++++++++++++++++++++++++<br \/>\nJag har varit i V\u00e4xj\u00f6 nu och haft utbildning f\u00f6r studenterna som g\u00e5r utbildningen Storytelling &amp; Dramaturgi p\u00e5 NBI. De \u00e4r knappt 20 stycken och de brinner verkligen f\u00f6r storytelling, tycker jag mig m\u00e4rka.<br \/>\nDe har andra inslag ocks\u00e5 i utbildningen men mycket av v\u00e5ren kommer att pr\u00e4glas av CS. Kanske finns bland dem de f\u00f6rsta som kommer att anst\u00e4llas med titeln Corporate Storyteller i Sverige.<br \/>\nJust i V\u00e4xj\u00f6 studerar ocks\u00e5 de tre unga kvinnor vilka som C-uppsats p\u00e5 Pedagogen skrivit uppsatsen Ber\u00e4ttelser i Organisationer. Den finns att l\u00e4sa under rubriken Forskning p\u00e5 http:\/storytellers.se<br \/>\n++++++++++++++++++++++++++<br \/>\nIkea har nu en repertoar p\u00e5 1000 interna filmade stories som skildrar Ikea-konceptet och Ikea-kulturen. Det \u00e4r just koncept och kultur det som \u00e4r po\u00e4ngen. De handlar inte om soffan och hyllan utan om kultur, koncept och v\u00e4rderingar. Jag tror att ur ett internt CS-perspektiv \u00e4r Ikea v\u00e4rldsledande.<br \/>\n\u00c4ven varum\u00e4rket Sverige laddas med ber\u00e4ttelser. N\u00e4r Visit Sweden laddade f\u00f6r att befolka varum\u00e4rket Sverige i samband med \u00c5re-VM s\u00e5 hade bland andra jag f\u00e5tt vara med och arbeta fram Sverigestories som vi hoppades skulle kunna g\u00f6ra nytta\u00a0 i kontakterna med internationella journalister. Ut\u00f6ver sj\u00e4lva idrottsperspektiven allts\u00e5.<br \/>\nDen \u00f6vergipande Ikeaber\u00e4ttelsen som vi k\u00e4nner den fr\u00e5n massmedia, bland annat om Haparandavaruhuset och Kamprads (v\u00e4rldens fj\u00e4rde rikaste man) personlighet, ing\u00e5r i den laddningen av Sverigebilden.<br \/>\n++++++++++++++++++++++++++<br \/>\nEn dansk storyteller ber\u00e4ttade f\u00f6r mig att man i Danmark delvis hade slarvat bort begreppet storytelling visavi det danska n\u00e4ringslivet eftersom man inte klart klargjorde, eller f\u00f6rstod, att det f\u00f6r f\u00f6retagen handlade om business och aff\u00e4rsutveckling. Ordet storytelling hade d\u00e4rf\u00f6r f\u00e5tt l\u00e5g status i danskt n\u00e4ringsliv menade han. Verkligen synd tycker jag att man klantar bort ett s\u00e5 starkt verktyg f\u00f6r att bygga framtid.<br \/>\nJag ser som min mission att aldrig sl\u00e4ppa det aff\u00e4rsm\u00e4ssiga perspektivet. Corporate Storytelling handlar om att med hj\u00e4lp av de sanna ber\u00e4ttelserna om organisationen, medarbetarna, kunderna, varorna och tj\u00e4nsterna bidra till framg\u00e5ng och goda aff\u00e4rer.<br \/>\nDet kommer jag att betona i kursen som startar p\u00e5 Berghs School of Communcation i h\u00f6st.<br \/>\n++++++++++++++++++++++++++<br \/>\nDu som f\u00e5r det h\u00e4r nyhetsbrevet har bett om att f\u00e5 det i samband med n\u00e5got av mina seminarier eller efter att ha anm\u00e4lt dig p\u00e5 storytellers.se eller efter direkta kontakter med mig.<br \/>\nOm du inte l\u00e4ngre vill ha det s\u00e5 v\u00e4nd det med ett nej tack s\u00e5 tar jag bort dig ur s\u00e4ndlistan,<br \/>\nh\u00e4lsar ansvarige f\u00f6r storytellers.se<br \/>\nMatts Heijbel<br \/>\n9 mars 2007<\/p>\n","protected":false},"excerpt":{"rendered":"<p>Nu har \u00f6ver 1400 prenumeranter f\u00e5tt det h\u00e4r nyhetsbrevet:<\/p>\n","protected":false},"author":2,"featured_media":0,"comment_status":"open","ping_status":"closed","sticky":false,"template":"","format":"standard","meta":[],"categories":[8],"tags":[],"_links":{"self":[{"href":"https:\/\/storytellers.se\/index.php?rest_route=\/wp\/v2\/posts\/1348"}],"collection":[{"href":"https:\/\/storytellers.se\/index.php?rest_route=\/wp\/v2\/posts"}],"about":[{"href":"https:\/\/storytellers.se\/index.php?rest_route=\/wp\/v2\/types\/post"}],"author":[{"embeddable":true,"href":"https:\/\/storytellers.se\/index.php?rest_route=\/wp\/v2\/users\/2"}],"replies":[{"embeddable":true,"href":"https:\/\/storytellers.se\/index.php?rest_route=%2Fwp%2Fv2%2Fcomments&post=1348"}],"version-history":[{"count":0,"href":"https:\/\/storytellers.se\/index.php?rest_route=\/wp\/v2\/posts\/1348\/revisions"}],"wp:attachment":[{"href":"https:\/\/storytellers.se\/index.php?rest_route=%2Fwp%2Fv2%2Fmedia&parent=1348"}],"wp:term":[{"taxonomy":"category","embeddable":true,"href":"https:\/\/storytellers.se\/index.php?rest_route=%2Fwp%2Fv2%2Fcategories&post=1348"},{"taxonomy":"post_tag","embeddable":true,"href":"https:\/\/storytellers.se\/index.php?rest_route=%2Fwp%2Fv2%2Ftags&post=1348"}],"curies":[{"name":"wp","href":"https:\/\/api.w.org\/{rel}","templated":true}]}}