{"id":1342,"date":"2007-03-06T14:49:42","date_gmt":"2007-03-06T13:49:42","guid":{"rendered":"http:\/\/heijbel.wordpress.com\/2007\/03\/06\/over-170-anmalda"},"modified":"2007-03-06T14:49:42","modified_gmt":"2007-03-06T13:49:42","slug":"over-170-anmalda","status":"publish","type":"post","link":"https:\/\/storytellers.se\/?p=1342","title":{"rendered":"\u00d6ver 170 anm\u00e4lda"},"content":{"rendered":"<p>\u00d6ver 170 deltagare \u00e4r anm\u00e4lda till kundkonferensen <a href=\"http:\/\/www.wednesdayrelations.org\/main.asp?areaID=30&amp;CategoryID=192&amp;PageType=0\">The Conference 07<\/a> som Wednesday Relations arrangerar p\u00e5 Berns den trettonde mars. Jag talar efter lunch om storytelling och kundrelationer.<\/p>\n","protected":false},"excerpt":{"rendered":"<p>\u00d6ver 170 deltagare \u00e4r anm\u00e4lda till kundkonferensen The Conference 07 som Wednesday Relations arrangerar p\u00e5 Berns den trettonde mars. Jag talar efter lunch om storytelling och kundrelationer.<\/p>\n","protected":false},"author":2,"featured_media":0,"comment_status":"open","ping_status":"closed","sticky":false,"template":"","format":"standard","meta":[],"categories":[9],"tags":[],"_links":{"self":[{"href":"https:\/\/storytellers.se\/index.php?rest_route=\/wp\/v2\/posts\/1342"}],"collection":[{"href":"https:\/\/storytellers.se\/index.php?rest_route=\/wp\/v2\/posts"}],"about":[{"href":"https:\/\/storytellers.se\/index.php?rest_route=\/wp\/v2\/types\/post"}],"author":[{"embeddable":true,"href":"https:\/\/storytellers.se\/index.php?rest_route=\/wp\/v2\/users\/2"}],"replies":[{"embeddable":true,"href":"https:\/\/storytellers.se\/index.php?rest_route=%2Fwp%2Fv2%2Fcomments&post=1342"}],"version-history":[{"count":0,"href":"https:\/\/storytellers.se\/index.php?rest_route=\/wp\/v2\/posts\/1342\/revisions"}],"wp:attachment":[{"href":"https:\/\/storytellers.se\/index.php?rest_route=%2Fwp%2Fv2%2Fmedia&parent=1342"}],"wp:term":[{"taxonomy":"category","embeddable":true,"href":"https:\/\/storytellers.se\/index.php?rest_route=%2Fwp%2Fv2%2Fcategories&post=1342"},{"taxonomy":"post_tag","embeddable":true,"href":"https:\/\/storytellers.se\/index.php?rest_route=%2Fwp%2Fv2%2Ftags&post=1342"}],"curies":[{"name":"wp","href":"https:\/\/api.w.org\/{rel}","templated":true}]}}