{"id":1338,"date":"2007-03-02T15:42:44","date_gmt":"2007-03-02T14:42:44","guid":{"rendered":"http:\/\/heijbel.wordpress.com\/2007\/03\/02\/sundsvall-o-vik"},"modified":"2007-03-02T15:42:44","modified_gmt":"2007-03-02T14:42:44","slug":"sundsvall-o-vik","status":"publish","type":"post","link":"https:\/\/storytellers.se\/?p=1338","title":{"rendered":"Sundsvall &amp; \u00d6-vik"},"content":{"rendered":"<p>I V\u00e4sternorrland \u00e4r intresset gott f\u00f6r Corporate Storytelling&#8230;<\/p>\n<p><!--more--><br \/>\nDet visade sig n\u00e4r jag h\u00f6ll seminarier i \u00d6rnsk\u00f6ldsvik, Foppaland, och i Sundsvall, Stenstaden, i g\u00e5r och idag. Ett 80-tal intresserade kom till seminarierna som arrangerades av <a href=\"http:\/\/vasternorrland.almi.se\">Almi F\u00f6retagspartner i V\u00e4sternorrland<\/a>.<br \/>\nB\u00e5de stora industrier, mindre entrepren\u00f6rer, kommunikationsbyr\u00e5er liksom en del myndighetsm\u00e4nniskor kom och fr\u00e5gorna var m\u00e5nga.<br \/>\nDen erfarna storytellern <a href=\"http:\/\/berattamera.com\">Ann J\u00e4rnestr\u00f6m<\/a> kom ocks\u00e5 och lyssnade. Hon bor i Nordingr\u00e5 och r\u00f6r sig b\u00e5de i ber\u00e4ttarr\u00f6relsen och bland norrl\u00e4ndska f\u00f6retag och organisationer d\u00e4r hon trollbinder, ger liv \u00e5t de d\u00f6da och visar v\u00e4gen in i framtiden.<\/p>\n","protected":false},"excerpt":{"rendered":"<p>I V\u00e4sternorrland \u00e4r intresset gott f\u00f6r Corporate Storytelling&#8230;<\/p>\n","protected":false},"author":2,"featured_media":0,"comment_status":"open","ping_status":"closed","sticky":false,"template":"","format":"standard","meta":[],"categories":[2],"tags":[],"_links":{"self":[{"href":"https:\/\/storytellers.se\/index.php?rest_route=\/wp\/v2\/posts\/1338"}],"collection":[{"href":"https:\/\/storytellers.se\/index.php?rest_route=\/wp\/v2\/posts"}],"about":[{"href":"https:\/\/storytellers.se\/index.php?rest_route=\/wp\/v2\/types\/post"}],"author":[{"embeddable":true,"href":"https:\/\/storytellers.se\/index.php?rest_route=\/wp\/v2\/users\/2"}],"replies":[{"embeddable":true,"href":"https:\/\/storytellers.se\/index.php?rest_route=%2Fwp%2Fv2%2Fcomments&post=1338"}],"version-history":[{"count":0,"href":"https:\/\/storytellers.se\/index.php?rest_route=\/wp\/v2\/posts\/1338\/revisions"}],"wp:attachment":[{"href":"https:\/\/storytellers.se\/index.php?rest_route=%2Fwp%2Fv2%2Fmedia&parent=1338"}],"wp:term":[{"taxonomy":"category","embeddable":true,"href":"https:\/\/storytellers.se\/index.php?rest_route=%2Fwp%2Fv2%2Fcategories&post=1338"},{"taxonomy":"post_tag","embeddable":true,"href":"https:\/\/storytellers.se\/index.php?rest_route=%2Fwp%2Fv2%2Ftags&post=1338"}],"curies":[{"name":"wp","href":"https:\/\/api.w.org\/{rel}","templated":true}]}}