{"id":1330,"date":"2007-02-22T11:27:28","date_gmt":"2007-02-22T10:27:28","guid":{"rendered":"http:\/\/heijbel.wordpress.com\/2007\/02\/22\/sverige-genom-norrsken"},"modified":"2007-02-22T11:27:28","modified_gmt":"2007-02-22T10:27:28","slug":"sverige-genom-norrsken","status":"publish","type":"post","link":"https:\/\/storytellers.se\/?p=1330","title":{"rendered":"Sverige genom norrsken"},"content":{"rendered":"<p>N\u00e4r jag p\u00e5 uppdrag av Visit Sweden nyligen skulle skriva i storyformat om rymdturismen s\u00e5 valde vi tillsammans att blanda folktro med dagens verklighet f\u00f6r att ladda varum\u00e4rket Sverige&#8230;<\/p>\n<p><!--more--><br \/>\nDet var n\u00e5got av ett experiment eftersom det vanliga, f\u00f6r mig i mitt arbete att befolka varum\u00e4rken, \u00e4r att h\u00e5lla mig till verkligheten. Men vi bed\u00f6mde att i det h\u00e4r fallet kunde vi h\u00e4mta energi ocks\u00e5 ur svensk folklore f\u00f6r att f\u00e5 publicitet om Sverige. M\u00e5lgruppen var nu journalister i \u00c5re i samband med VM.<br \/>\nS\u00e5 h\u00e4r blev det:<br \/>\nSkandinavien \u00e4r k\u00e4nt f\u00f6r sina fantastiska norrsken som dansar \u00f6ver natthimmelen. Det bedrivs ocks\u00e5 en hel del forskning kring detta naturfenomen, men enligt s\u00e4gnen \u00e4r f\u00f6rklaringen redan klar.<br \/>\nS\u00e5 h\u00e4r var det:<br \/>\nSvanarna t\u00e4vlade med varandra om vem som kunde flyga l\u00e4ngst. De fl\u00f6g och fl\u00f6g och till slut var det en flock som inte ville stanna f\u00f6rr\u00e4n den kom fram till v\u00e4rldens \u00e4nde.<br \/>\nJa, och svanarna kom faktiskt dit. Men d\u00e4r var det s\u00e5 kallt att de fr\u00f6s fast i skyn. \u00c4n i dag \u00e4r det dessa svanar som vi kan se n\u00e4r de far runt d\u00e4r och flaxar med vingarna.<br \/>\nDetta kallar nordborna f\u00f6r norrsken.<br \/>\nGenom detta norrsken kan vi snart, var och en med pengar och lust, fara med rymdfarkost fr\u00e5n Kirunas rymdstation om det blir som vissa entrepren\u00f6rer tror. Om 5 \u00e5r kan den som betalar 1,5 miljoner sek \u00e5ka fr\u00e5n norra Sverige och ut i rymden. P\u00e5 v\u00e4gen tillbaka kan man under gynnsamma omst\u00e4ndigheter passera genom de flaxande svanarnas omr\u00e5de, genom norrskenet.<br \/>\nDet l\u00e4r vara 200 personer som redan har betalat sin biljett. Enligt planerna g\u00e5r f\u00f6rsta rymdresan fr\u00e5n Kiruna 2012.<br \/>\n(&#8230;)<br \/>\nJag blandade allts\u00e5, i det h\u00e4r fallet, en saga fr\u00e5n de svenska etnologiska samlingarna (W\u00e4rend och Wirdarne av Hylt\u00e9n-Cavallius) med den sanna ber\u00e4ttelsen om det nybildade rymdbolaget Spaceport Sweden och gjorde det till en Sverigestory.<br \/>\nSagan om svanarna finns ocks\u00e5 med i en bok som den framst\u00e5ende ber\u00e4ttaren fr\u00e5n den folkloristiska ber\u00e4ttarr\u00f6relsen, <a href=\"http:\/\/www.dn.se\/DNet\/jsp\/polopoly.jsp?a=84126\">Per Gustavsson<\/a>, i \u00e5r ger ut tillsammans med Mia Einarsdotter. Det blir en bok om djur- och legendsagor. Om hur djuren skapades och fick sina egenskaper.<\/p>\n","protected":false},"excerpt":{"rendered":"<p>N\u00e4r jag p\u00e5 uppdrag av Visit Sweden nyligen skulle skriva i storyformat om rymdturismen s\u00e5 valde vi tillsammans att blanda folktro med dagens verklighet f\u00f6r att ladda varum\u00e4rket Sverige&#8230;<\/p>\n","protected":false},"author":2,"featured_media":0,"comment_status":"open","ping_status":"closed","sticky":false,"template":"","format":"standard","meta":[],"categories":[10],"tags":[],"_links":{"self":[{"href":"https:\/\/storytellers.se\/index.php?rest_route=\/wp\/v2\/posts\/1330"}],"collection":[{"href":"https:\/\/storytellers.se\/index.php?rest_route=\/wp\/v2\/posts"}],"about":[{"href":"https:\/\/storytellers.se\/index.php?rest_route=\/wp\/v2\/types\/post"}],"author":[{"embeddable":true,"href":"https:\/\/storytellers.se\/index.php?rest_route=\/wp\/v2\/users\/2"}],"replies":[{"embeddable":true,"href":"https:\/\/storytellers.se\/index.php?rest_route=%2Fwp%2Fv2%2Fcomments&post=1330"}],"version-history":[{"count":0,"href":"https:\/\/storytellers.se\/index.php?rest_route=\/wp\/v2\/posts\/1330\/revisions"}],"wp:attachment":[{"href":"https:\/\/storytellers.se\/index.php?rest_route=%2Fwp%2Fv2%2Fmedia&parent=1330"}],"wp:term":[{"taxonomy":"category","embeddable":true,"href":"https:\/\/storytellers.se\/index.php?rest_route=%2Fwp%2Fv2%2Fcategories&post=1330"},{"taxonomy":"post_tag","embeddable":true,"href":"https:\/\/storytellers.se\/index.php?rest_route=%2Fwp%2Fv2%2Ftags&post=1330"}],"curies":[{"name":"wp","href":"https:\/\/api.w.org\/{rel}","templated":true}]}}