{"id":1328,"date":"2007-02-21T10:37:18","date_gmt":"2007-02-21T09:37:18","guid":{"rendered":"http:\/\/heijbel.wordpress.com\/2007\/02\/21\/1000-ikea-berattelser"},"modified":"2007-02-21T10:37:18","modified_gmt":"2007-02-21T09:37:18","slug":"1000-ikea-berattelser","status":"publish","type":"post","link":"https:\/\/storytellers.se\/?p=1328","title":{"rendered":"1000 Ikea-ber\u00e4ttelser"},"content":{"rendered":"<p>Ikea-konceptet och Ikea-kulturen finns nu skildrade i mer \u00e4n 1000 filmade stories&#8230;<\/p>\n<p><!--more--><br \/>\n&#8230;Inter IKEA Systems B.V. har i projektet IKEA Stories nu lanserat tv\u00e5 DVDer, tre stycken b\u00f6cker och hundratals ber\u00e4ttelser att se online i ett digitalt bibliotek.<br \/>\nIKEA Stories omfattar idag \u00f6ver 1000 filmade historier fr\u00e5n hela v\u00e4rlden vilka alla illustrerar Ikea-konceptet och kulturen fr\u00e5n olika perspektiv.<br \/>\nIKEA Stories anv\u00e4nds endast internt inom Ikea och har tagits emot v\u00e4ldigt v\u00e4l. Materialet anv\u00e4nds inom en rad olika omr\u00e5den f\u00f6r att locka till reflektion och debatt om f\u00f6retagets v\u00e4rdegrund.<br \/>\nDet har ocks\u00e5 blivit en betydelsefull metod f\u00f6r att inspirera, v\u00e4cka id\u00e9er och skapa gemenskap i ett internationellt snabbt v\u00e4xande Ikea.<\/p>\n","protected":false},"excerpt":{"rendered":"<p>Ikea-konceptet och Ikea-kulturen finns nu skildrade i mer \u00e4n 1000 filmade stories&#8230;<\/p>\n","protected":false},"author":2,"featured_media":0,"comment_status":"open","ping_status":"closed","sticky":false,"template":"","format":"standard","meta":[],"categories":[2],"tags":[],"_links":{"self":[{"href":"https:\/\/storytellers.se\/index.php?rest_route=\/wp\/v2\/posts\/1328"}],"collection":[{"href":"https:\/\/storytellers.se\/index.php?rest_route=\/wp\/v2\/posts"}],"about":[{"href":"https:\/\/storytellers.se\/index.php?rest_route=\/wp\/v2\/types\/post"}],"author":[{"embeddable":true,"href":"https:\/\/storytellers.se\/index.php?rest_route=\/wp\/v2\/users\/2"}],"replies":[{"embeddable":true,"href":"https:\/\/storytellers.se\/index.php?rest_route=%2Fwp%2Fv2%2Fcomments&post=1328"}],"version-history":[{"count":0,"href":"https:\/\/storytellers.se\/index.php?rest_route=\/wp\/v2\/posts\/1328\/revisions"}],"wp:attachment":[{"href":"https:\/\/storytellers.se\/index.php?rest_route=%2Fwp%2Fv2%2Fmedia&parent=1328"}],"wp:term":[{"taxonomy":"category","embeddable":true,"href":"https:\/\/storytellers.se\/index.php?rest_route=%2Fwp%2Fv2%2Fcategories&post=1328"},{"taxonomy":"post_tag","embeddable":true,"href":"https:\/\/storytellers.se\/index.php?rest_route=%2Fwp%2Fv2%2Ftags&post=1328"}],"curies":[{"name":"wp","href":"https:\/\/api.w.org\/{rel}","templated":true}]}}