{"id":1324,"date":"2007-02-16T14:22:33","date_gmt":"2007-02-16T13:22:33","guid":{"rendered":"http:\/\/heijbel.wordpress.com\/2007\/02\/16\/healing-story"},"modified":"2007-02-16T14:22:33","modified_gmt":"2007-02-16T13:22:33","slug":"healing-story","status":"publish","type":"post","link":"https:\/\/storytellers.se\/?p=1324","title":{"rendered":"Healing story"},"content":{"rendered":"<p>Inger Lise Oelrich brinner f\u00f6r helande ber\u00e4ttande. Hon arbetar inom Alba, en f\u00f6rening i J\u00e4rna som \u00e4gnar sig \u00e5t och utbildar inom l\u00e4kande ber\u00e4ttande.<\/p>\n<p><!--more--><br \/>\nI J\u00e4rna talar man mycket om Storytelling som v\u00e4g till fred och f\u00f6rsoning. Inspirerade bland annat av vad som h\u00e4nt efter apartheid i Sydafrika och den f\u00f6rsoningsprocessen talar de ocks\u00e5 om andra f\u00f6rsoningsprocesser som var och en av oss kan beh\u00f6va.<br \/>\nN\u00e4r Nancy Mellon fr\u00e5n USA var d\u00e4r talade hon bl a om hur sagospr\u00e5k st\u00e4rker immunf\u00f6rsvaret och organens liv. Inger Lise betonar det talade ordet som uttryck f\u00f6r den inre\/hela m\u00e4nniskan och hur detta p\u00e5verkar det sociala livet.<br \/>\nKring dessa helande perspektiv och kring fred och f\u00f6rsoning finns m\u00e5nga kurser i J\u00e4rna.<br \/>\nJag personligen r\u00f6r mig som Corporate Storyteller p\u00e5 m\u00e5nga h\u00e5ll i arbetslivet och m\u00e4rker ofta den terapetiska kraft som ibland visar sig n\u00e4r ber\u00e4ttelserna kommer. Men jag \u00e4r ingen terapeut eller sj\u00e4lav\u00e5rdare.<br \/>\n\u00c4r det just de helande terapeutiska sociala processerna man s\u00f6ker s\u00e5 kan det vara ett tips att titta in p\u00e5 <a href=\"http:\/\/www.nordiskalba.org\">Albas hemsida<\/a>.<\/p>\n","protected":false},"excerpt":{"rendered":"<p>Inger Lise Oelrich brinner f\u00f6r helande ber\u00e4ttande. Hon arbetar inom Alba, en f\u00f6rening i J\u00e4rna som \u00e4gnar sig \u00e5t och utbildar inom l\u00e4kande ber\u00e4ttande.<\/p>\n","protected":false},"author":2,"featured_media":0,"comment_status":"open","ping_status":"closed","sticky":false,"template":"","format":"standard","meta":[],"categories":[2],"tags":[],"_links":{"self":[{"href":"https:\/\/storytellers.se\/index.php?rest_route=\/wp\/v2\/posts\/1324"}],"collection":[{"href":"https:\/\/storytellers.se\/index.php?rest_route=\/wp\/v2\/posts"}],"about":[{"href":"https:\/\/storytellers.se\/index.php?rest_route=\/wp\/v2\/types\/post"}],"author":[{"embeddable":true,"href":"https:\/\/storytellers.se\/index.php?rest_route=\/wp\/v2\/users\/2"}],"replies":[{"embeddable":true,"href":"https:\/\/storytellers.se\/index.php?rest_route=%2Fwp%2Fv2%2Fcomments&post=1324"}],"version-history":[{"count":0,"href":"https:\/\/storytellers.se\/index.php?rest_route=\/wp\/v2\/posts\/1324\/revisions"}],"wp:attachment":[{"href":"https:\/\/storytellers.se\/index.php?rest_route=%2Fwp%2Fv2%2Fmedia&parent=1324"}],"wp:term":[{"taxonomy":"category","embeddable":true,"href":"https:\/\/storytellers.se\/index.php?rest_route=%2Fwp%2Fv2%2Fcategories&post=1324"},{"taxonomy":"post_tag","embeddable":true,"href":"https:\/\/storytellers.se\/index.php?rest_route=%2Fwp%2Fv2%2Ftags&post=1324"}],"curies":[{"name":"wp","href":"https:\/\/api.w.org\/{rel}","templated":true}]}}