{"id":1322,"date":"2007-02-15T11:37:15","date_gmt":"2007-02-15T10:37:15","guid":{"rendered":"http:\/\/heijbel.wordpress.com\/2007\/02\/15\/for-byrakrater-och-utredare"},"modified":"2007-02-15T11:37:15","modified_gmt":"2007-02-15T10:37:15","slug":"for-byrakrater-och-utredare","status":"publish","type":"post","link":"https:\/\/storytellers.se\/?p=1322","title":{"rendered":"F\u00f6r byr\u00e5krater och utredare"},"content":{"rendered":"<p>Den 17 april har jag en praktiskt inriktad temadag i samband med IQPCs stora Utredarkonferens p\u00e5 Wennergren Center i Stockholm. Min rubrik \u00e4r: Storytelling och praktisk kommunikation vid lansering och presentation av din utredning.<\/p>\n<p><!--more--><br \/>\nUtredarkonferensens som helhet har tidigare \u00e5r samlat totalt \u00f6ver 600 deltagare. Nu finns allts\u00e5 ocks\u00e5 m\u00f6jligheten att f\u00f6rdjupa sig i storytellingmetoden och \u00e4ven en del i hur man anv\u00e4nder de journalistiska verktygen f\u00f6r att snabbt och effektivt identifiera, utveckla och f\u00f6rpacka de viktigaste budskapen till olika m\u00e5lgrupper.<br \/>\nP\u00e5 sj\u00e4lva konferensen medverkar ocks\u00e5 bland andra professorerna Lars Calmfors och Mikael Gilljam samt statsvetaren Jan Teorell och G\u00f6ran Arvidssson fr\u00e5n SNS.<br \/>\nKonferensen v\u00e4nder sig fr\u00e4mst till statliga myndigheter och verk, kommuner och landsting samt andra organisationer som \u00e4gnar sig \u00e5t forskning, utredning, rapportskrivning eller datainsamling.<br \/>\nJag har tidigare, om jag f\u00e5r s\u00e4ga det, f\u00e5tt betyget 4,75 av 5,0 m\u00f6jliga i IQPC-sammanhang.<br \/>\nS\u00e5 vill du prova sj\u00e4lv hur du snabbt effektivt n\u00e5r ut och f\u00e5r b\u00e4sta genomslagskraft titta in p\u00e5 <a href=\"http:\/\/www.iqpc.com\/cgi-bin\/templates\/document.html?topic=221&amp;event=12284&amp;document=89328#Temadag%20A:\">programmet.<\/a> Dagen p\u00e5g\u00e5r 9-16.<\/p>\n","protected":false},"excerpt":{"rendered":"<p>Den 17 april har jag en praktiskt inriktad temadag i samband med IQPCs stora Utredarkonferens p\u00e5 Wennergren Center i Stockholm. Min rubrik \u00e4r: Storytelling och praktisk kommunikation vid lansering och presentation av din utredning.<\/p>\n","protected":false},"author":2,"featured_media":0,"comment_status":"open","ping_status":"closed","sticky":false,"template":"","format":"standard","meta":[],"categories":[9],"tags":[],"_links":{"self":[{"href":"https:\/\/storytellers.se\/index.php?rest_route=\/wp\/v2\/posts\/1322"}],"collection":[{"href":"https:\/\/storytellers.se\/index.php?rest_route=\/wp\/v2\/posts"}],"about":[{"href":"https:\/\/storytellers.se\/index.php?rest_route=\/wp\/v2\/types\/post"}],"author":[{"embeddable":true,"href":"https:\/\/storytellers.se\/index.php?rest_route=\/wp\/v2\/users\/2"}],"replies":[{"embeddable":true,"href":"https:\/\/storytellers.se\/index.php?rest_route=%2Fwp%2Fv2%2Fcomments&post=1322"}],"version-history":[{"count":0,"href":"https:\/\/storytellers.se\/index.php?rest_route=\/wp\/v2\/posts\/1322\/revisions"}],"wp:attachment":[{"href":"https:\/\/storytellers.se\/index.php?rest_route=%2Fwp%2Fv2%2Fmedia&parent=1322"}],"wp:term":[{"taxonomy":"category","embeddable":true,"href":"https:\/\/storytellers.se\/index.php?rest_route=%2Fwp%2Fv2%2Fcategories&post=1322"},{"taxonomy":"post_tag","embeddable":true,"href":"https:\/\/storytellers.se\/index.php?rest_route=%2Fwp%2Fv2%2Ftags&post=1322"}],"curies":[{"name":"wp","href":"https:\/\/api.w.org\/{rel}","templated":true}]}}