{"id":1320,"date":"2007-02-12T17:56:06","date_gmt":"2007-02-12T16:56:06","guid":{"rendered":"http:\/\/heijbel.wordpress.com\/2007\/02\/12\/nyhetsbrev-20-skolmat-m-m"},"modified":"2007-02-12T17:56:06","modified_gmt":"2007-02-12T16:56:06","slug":"nyhetsbrev-20-skolmat-m-m","status":"publish","type":"post","link":"https:\/\/storytellers.se\/?p=1320","title":{"rendered":"Nyhetsbrev 20: Skolmat m m"},"content":{"rendered":"<p>I dag har storytellers nyhetsbrev g\u00e5tt ut till drygt 1.400 prenumeranter. Du kan ocks\u00e5 l\u00e4sa det h\u00e4r.<\/p>\n<p><!--more--><br \/>\nNyhetsbrev: 20<br \/>\nSv\u00e5rl\u00e4st? L\u00e4s p\u00e5: www.storytellers.se<br \/>\nSebastian hade lastat halva tallriken proppfull fr\u00e5n salladsbuff\u00e9n i skolrestaurangen. Nu fyllde han resten med ett berg av fisk och potatis. Hans l\u00e4rare gladde sig \u00e5t hans aptit och gick fram och la handen p\u00e5 pojkens axel:<br \/>\n\u2013 Du Sebastian. Du kan ju h\u00e4mta tv\u00e5 g\u00e5nger om du \u00e4r sugen.<br \/>\nSebastian v\u00e4nde sig mot l\u00e4raren och svarade med ett leende:<br \/>\n\u2013 Jag ska ta tv\u00e5 g\u00e5nger \u2013 minst!<br \/>\nGick du i skolan p\u00e5 80-talet och minns skolm\u00e5ltiderna som n\u00e5got negativt? D\u00e5 har du kanske barn i skol\u00e5ldern nu och tror att det \u00e4r idag som det var p\u00e5 80-talet. D\u00e5 har du f\u00f6rmodligen fel. Vi beh\u00f6ver knappast n\u00e5gon Jamie Oliver f\u00f6r att rycka upp skolmaten i Sverige.<br \/>\nEtt sp\u00e4nnande projekt kring mat och h\u00e4lsa i skolans v\u00e4rld har dragits ig\u00e5ng av V\u00e4stra G\u00f6talandsregionen. Mat \u00e4r f\u00f6rst\u00e5s det som ligger p\u00e5 tallriken men det \u00e4r mycket mer d\u00e4r omkring.<br \/>\nSkolmatsakademin samlar d\u00e4rf\u00f6r ett 30-tal kommuner och stadsdelar f\u00f6r att de tillsammans ska hitta v\u00e4gar att l\u00e4ra av varandra, f\u00e5 f\u00f6r\u00e4ldrar och barn att f\u00f6rst\u00e5 vad vi faktiskt har. De vill ocks\u00e5 arbeta \u00e4mnes\u00f6vergripande med maten.<br \/>\nF\u00f6r att gemensamt bygga bilden av detta projekt och sprida kunskap och id\u00e9er har Skolmatsakademin i V\u00e4stra G\u00f6talandsregionen valt att bland annat anv\u00e4nda storytelling som metod.<br \/>\nJag har d\u00e4rf\u00f6r f\u00e5tt f\u00f6rtroendet att som storyteller f\u00e5 vara med. Under Skolmatsakademins f\u00f6rsta halv\u00e5r ska jag uppmuntra deltagarna att sk\u00f6rda sina kultur- och v\u00e4rderingsb\u00e4rande skolmatsber\u00e4ttelser och dela med sig av dem.<br \/>\nMed en repertoar av ber\u00e4ttelser ska Skolmatsakademin visa f\u00f6r de inblandade sj\u00e4lva och andra vad de h\u00e5ller p\u00e5 med. Ber\u00e4ttelserna ska bygga den emotionella och st\u00e4mningsfulla bilden av det som faktam\u00e4ssigt annars visas i pilar och boxar \u2013 vilket f\u00f6rst\u00e5s ocks\u00e5 \u00e4r viktigt.<br \/>\nEn kv\u00e4ll ringer telefonen hemma hos en av medarbetarna i skolrestaurangen. Det \u00e4r en pappa som ringer. Han urs\u00e4ktar sig men det \u00e4r s\u00e5 att den enda mat sonen vill ha p\u00e5 sin f\u00f6delsedag \u00e4r skolans Hawaiigrat\u00e4ng. Kan han m\u00f6jligen f\u00e5 receptet p\u00e5 denna fantastiska grat\u00e4ng.<br \/>\n+++++++++++++++++++++++++++++<br \/>\nNational Library for Health i Storbritannien sorterar in Storytellingen under rubriken Knowledge Management. Storytelling ers\u00e4tter inte analytiskt t\u00e4nkande, konstaterar man, men den \u00e4r en kraftfull metod att underl\u00e4tta f\u00f6r m\u00e4nniskorna i en organisation att f\u00e5 kontakt med varandra och dela kunskaper och v\u00e4rderingar.<br \/>\nKan man dela en serie ber\u00e4ttelser s\u00e5 \u00e4r det l\u00e4ttare att vara \u00f6verens om vad man h\u00e5ller p\u00e5 med. Att via en ber\u00e4ttelse visa viktiga v\u00e4rderingar kan vara lika kraftfullt som att visa v\u00e4rdeorden p\u00e5 v\u00e4ggen via power point eller over head.<br \/>\n\u2022 Stories \u00e4r ett fantastiskt s\u00e4tt att l\u00e4ra sig p\u00e5.<br \/>\n\u2022 Stories g\u00f6r det l\u00e4ttare att komma ih\u00e5g.<br \/>\n\u2022 Stories styr med exempel ist\u00e4llet f\u00f6r med ordergivning.<br \/>\n\u2022 Stories minskar glappet mellan Veta &amp; G\u00f6ra.<br \/>\n\u2022 Stories g\u00f6r organisationen mer m\u00e4nsklig.<br \/>\n\u2022 Stories bygger relationer.<br \/>\n\u2022 Stories \u00e4r underh\u00e5llande.<br \/>\n+++++++++++++++++++++++++++++<br \/>\nJag har rest runt mycket p\u00e5 sistone: \u00d6stersund, Ume\u00e5, Uppsala, G\u00f6teborg, Vara och en rad Storstockholmsadresser. Nu st\u00e5r Sk\u00f6vde, Uddevalla, Sundsvall, \u00d6rnsk\u00f6ldsvik och V\u00e4xj\u00f6 p\u00e5 tur. I V\u00e4xj\u00f6 p\u00e5g\u00e5r en tre terminer l\u00e5ng KY-utbildning i Storytelling och Dramaturgi d\u00e4r jag \u00e4r huvudl\u00e4rare i delkursen Corporate Storytelling.<br \/>\n+++++++++++++++++++++++++++++<br \/>\nCorporate Storytelling attraherar allts\u00e5 brett och jag har till och med sett att just begreppet nu b\u00f6rjar dyka upp i offentliga upphandlingar. F\u00f6r min egen del har jag uppdrag b\u00e5de hos myndigheter, kommuner, landsting, v\u00e5rd- och omsorgssektorn och fackliga organisationer. F\u00f6rutom det privata n\u00e4ringslivet.<br \/>\nEtt sp\u00e4nnande uppdrag som inleds under v\u00e5ren \u00e4r f\u00f6rberedelserna f\u00f6r Upplands Lokaltrafiks 30 \u00e5rsjubileum som kommer n\u00e4sta \u00e5r. Vi ska leta efter de viktigaste v\u00e4rderingsbeskrivande och kulturskildrande ber\u00e4ttelserna i den organisationen. Jag b\u00f6rjar om n\u00e5gra veckor med att ge mig ut i bussar t\u00e5g och dep\u00e5er. Vi f\u00e5r snart se vilka de viktigaste ber\u00e4ttelserna \u00e4r.<br \/>\n+++++++++++++++++++++++++++++<br \/>\nN\u00e4r man sk\u00f6rdar ber\u00e4ttelser s\u00e5 hittar man vissa som ber\u00f6r mer \u00e4n andra. Ofta handlar det om att n\u00e5gon har g\u00e5tt \u00f6ver en gr\u00e4ns. Han eller hon har gjort n\u00e5got som inte f\u00f6rv\u00e4ntades av honom eller henne.<br \/>\nN\u00e4r Sas Sverige, i sitt storytellingarbete, hittar s\u00e5dana ber\u00e4ttelser s\u00e5 fr\u00e5gar man sig: Var detta bra? Eller var det d\u00e5ligt. Om det var bra s\u00e5 betyder det att gr\u00e4nsen inte ska vara d\u00e4r. Om det var d\u00e5ligt s\u00e5 betyder det att gr\u00e4nsen beh\u00f6vs och att den kanske till och med borde f\u00f6rst\u00e4rkas.<br \/>\nGenom att systematiskt och medvetet v\u00e4rdera ber\u00e4ttelser p\u00e5 detta s\u00e4tt s\u00e5 kan storytelling bidra till organisationsutveckling. Ber\u00e4ttelserna synligg\u00f6r h\u00e4ndelser och situationer som annars \u00e4r sv\u00e5ra att se. H\u00e4r befinner sig Sas Sverige i framkant och jag \u00e4r mycket glad att jag d\u00e5 och d\u00e5 f\u00e5tt vara med p\u00e5 en kant genom \u00e5ren i Sas storytellerresa.<br \/>\n+++++++++++++++++++++++++++++<br \/>\nI senaste numret av BrandNews medverkar jag som kr\u00f6nik\u00f6r det finns ocks\u00e5 flera texter i nr 1\/2007 aprop\u00e5 Corporate Strytelling. Den kan best\u00e4llas som gratis <a href=\"http:\/\/www.brandeye.se\">provex <\/a> . Det finns ocks\u00e5 en intervju med mig ang\u00e5ende kundfr\u00e5gor p\u00e5 <a href=\"http:\/\/www.wednesdayrelations.org\">wednesdayrelations<\/a> inf\u00f6r The Conference 07 som jag medverkar i d\u00e4r den 13 mars. Ytterligare artikell\u00e4nkar d\u00e4r jag har intervjuats aprop\u00e5 storytelning finns i arkivet p\u00e5 www.storytellers.se under datumet 30 december 2006.<br \/>\nP\u00e5 storytellers.se finns ocks\u00e5 n\u00e5gra texter om snackisar och Word of Mouth. Det \u00e4r ju s\u00e5 att m\u00e5nga av v\u00e5ra k\u00f6pbeslut baseras p\u00e5 vad vi h\u00f6r folk snacka om snarare \u00e4n annan information. S\u00e5 storytelling i marknadsf\u00f6ringen \u00e4r nog ofta n\u00e5got vi borde \u00f6verv\u00e4ga.<br \/>\nMen med lite etik och moral d\u00e5 f\u00f6rst\u00e5s. Sanna ber\u00e4ttelser. \u00d6ppna kort. Jag l\u00e4ste senast i dag att britterna vill kriminalisera betalda smygsnackare p\u00e5 communities och chattplatser. S\u00e5 vi f\u00e5r se upp s\u00e5 att ber\u00e4ttandet inte dras ned i ett oseri\u00f6st bluffande och smygande.<br \/>\n+++++++++++++++++++++++++++++<br \/>\nDu som f\u00e5r det h\u00e4r nyhetsbrevet har bett att f\u00e5 det i samband med n\u00e5gra av mina seminarier eller s\u00e5 har du anm\u00e4lt dig p\u00e5 www.storytellers.se\/ Om du inte vill ha det l\u00e4ngre s\u00e5 v\u00e4nd det med ett nej tack s\u00e5 tar jag bort dig ur s\u00e4ndlistan.<br \/>\nH\u00e4lsar ansvarige f\u00f6r storytellers.se<br \/>\nMatts Heijbel<br \/>\n12 februari 2007<\/p>\n","protected":false},"excerpt":{"rendered":"<p>I dag har storytellers nyhetsbrev g\u00e5tt ut till drygt 1.400 prenumeranter. Du kan ocks\u00e5 l\u00e4sa det h\u00e4r.<\/p>\n","protected":false},"author":2,"featured_media":0,"comment_status":"open","ping_status":"closed","sticky":false,"template":"","format":"standard","meta":[],"categories":[8],"tags":[],"_links":{"self":[{"href":"https:\/\/storytellers.se\/index.php?rest_route=\/wp\/v2\/posts\/1320"}],"collection":[{"href":"https:\/\/storytellers.se\/index.php?rest_route=\/wp\/v2\/posts"}],"about":[{"href":"https:\/\/storytellers.se\/index.php?rest_route=\/wp\/v2\/types\/post"}],"author":[{"embeddable":true,"href":"https:\/\/storytellers.se\/index.php?rest_route=\/wp\/v2\/users\/2"}],"replies":[{"embeddable":true,"href":"https:\/\/storytellers.se\/index.php?rest_route=%2Fwp%2Fv2%2Fcomments&post=1320"}],"version-history":[{"count":0,"href":"https:\/\/storytellers.se\/index.php?rest_route=\/wp\/v2\/posts\/1320\/revisions"}],"wp:attachment":[{"href":"https:\/\/storytellers.se\/index.php?rest_route=%2Fwp%2Fv2%2Fmedia&parent=1320"}],"wp:term":[{"taxonomy":"category","embeddable":true,"href":"https:\/\/storytellers.se\/index.php?rest_route=%2Fwp%2Fv2%2Fcategories&post=1320"},{"taxonomy":"post_tag","embeddable":true,"href":"https:\/\/storytellers.se\/index.php?rest_route=%2Fwp%2Fv2%2Ftags&post=1320"}],"curies":[{"name":"wp","href":"https:\/\/api.w.org\/{rel}","templated":true}]}}