{"id":1316,"date":"2007-02-08T17:09:59","date_gmt":"2007-02-08T16:09:59","guid":{"rendered":"http:\/\/heijbel.wordpress.com\/2007\/02\/08\/stories-pa-sif"},"modified":"2007-02-08T17:09:59","modified_gmt":"2007-02-08T16:09:59","slug":"stories-pa-sif","status":"publish","type":"post","link":"https:\/\/storytellers.se\/?p=1316","title":{"rendered":"Stories p\u00e5 Sif"},"content":{"rendered":"<p>I dag har jag tr\u00e4ffat Sif-kommunikat\u00f6rer fr\u00e5n hela Sverige. Vi talade om ber\u00e4ttelsens m\u00f6jlighet att synligg\u00f6ra viktiga v\u00e4rderingar, inte minst i och med det stundande \u00e4ktenskapet mellan&#8230;<\/p>\n<p><!--more--><br \/>\n&#8230; Sif och Htf som verkar bli av den 1 januari 2008.<br \/>\nDet verkar som att de tv\u00e5 fackliga organisationerna ska bli en. Brudgummen heter Sif och bruden Htf &#8211; om man s\u00e5 vill.<br \/>\nB\u00e4ddat f\u00f6r storytelling i fusions- och f\u00f6r\u00e4ndringsprocessen allts\u00e5. Det \u00e4r f\u00f6r \u00f6vrigt perspektiv som storytellinglitteraturen \u00e4gnar en del tankar \u00e5t.<\/p>\n","protected":false},"excerpt":{"rendered":"<p>I dag har jag tr\u00e4ffat Sif-kommunikat\u00f6rer fr\u00e5n hela Sverige. Vi talade om ber\u00e4ttelsens m\u00f6jlighet att synligg\u00f6ra viktiga v\u00e4rderingar, inte minst i och med det stundande \u00e4ktenskapet mellan&#8230;<\/p>\n","protected":false},"author":2,"featured_media":0,"comment_status":"open","ping_status":"closed","sticky":false,"template":"","format":"standard","meta":[],"categories":[2],"tags":[],"_links":{"self":[{"href":"https:\/\/storytellers.se\/index.php?rest_route=\/wp\/v2\/posts\/1316"}],"collection":[{"href":"https:\/\/storytellers.se\/index.php?rest_route=\/wp\/v2\/posts"}],"about":[{"href":"https:\/\/storytellers.se\/index.php?rest_route=\/wp\/v2\/types\/post"}],"author":[{"embeddable":true,"href":"https:\/\/storytellers.se\/index.php?rest_route=\/wp\/v2\/users\/2"}],"replies":[{"embeddable":true,"href":"https:\/\/storytellers.se\/index.php?rest_route=%2Fwp%2Fv2%2Fcomments&post=1316"}],"version-history":[{"count":0,"href":"https:\/\/storytellers.se\/index.php?rest_route=\/wp\/v2\/posts\/1316\/revisions"}],"wp:attachment":[{"href":"https:\/\/storytellers.se\/index.php?rest_route=%2Fwp%2Fv2%2Fmedia&parent=1316"}],"wp:term":[{"taxonomy":"category","embeddable":true,"href":"https:\/\/storytellers.se\/index.php?rest_route=%2Fwp%2Fv2%2Fcategories&post=1316"},{"taxonomy":"post_tag","embeddable":true,"href":"https:\/\/storytellers.se\/index.php?rest_route=%2Fwp%2Fv2%2Ftags&post=1316"}],"curies":[{"name":"wp","href":"https:\/\/api.w.org\/{rel}","templated":true}]}}