{"id":1308,"date":"2007-01-28T14:51:40","date_gmt":"2007-01-28T13:51:40","guid":{"rendered":"http:\/\/heijbel.wordpress.com\/2007\/01\/28\/the-conference-07"},"modified":"2007-01-28T14:51:40","modified_gmt":"2007-01-28T13:51:40","slug":"the-conference-07","status":"publish","type":"post","link":"https:\/\/storytellers.se\/?p=1308","title":{"rendered":"The Conference 07"},"content":{"rendered":"<p>Den 13 mars ska jag medverka i <a href=\"http:\/\/www.wednesdayrelations.org\/main.asp?areaID=30&amp;CategoryID=192&amp;PageType=0\">The Conference 07<\/a> p\u00e5 Berns. Det \u00e4r&#8230;<\/p>\n<p><!--more--><br \/>\n&#8230;det kundfokusprofilerade n\u00e4tverket Wednesday Relations som arrangerar Nordens st\u00f6rsta konferens om kundarbete och CRM. Programmet inleds av VDn p\u00e5 Wednesday Relations, Mats Gustafsson. Sen kommer, f\u00f6rutom mitt f\u00f6redrag bland m\u00e5nga andra, Camilla Cramner, varum\u00e4rkesstrateg p\u00e5 TeliaSonera och Ann-Christene Edling-J\u00f6nsson, VD f\u00f6r Polarn O. Pyret att medverka.<\/p>\n","protected":false},"excerpt":{"rendered":"<p>Den 13 mars ska jag medverka i The Conference 07 p\u00e5 Berns. Det \u00e4r&#8230;<\/p>\n","protected":false},"author":2,"featured_media":0,"comment_status":"open","ping_status":"closed","sticky":false,"template":"","format":"standard","meta":[],"categories":[9],"tags":[],"_links":{"self":[{"href":"https:\/\/storytellers.se\/index.php?rest_route=\/wp\/v2\/posts\/1308"}],"collection":[{"href":"https:\/\/storytellers.se\/index.php?rest_route=\/wp\/v2\/posts"}],"about":[{"href":"https:\/\/storytellers.se\/index.php?rest_route=\/wp\/v2\/types\/post"}],"author":[{"embeddable":true,"href":"https:\/\/storytellers.se\/index.php?rest_route=\/wp\/v2\/users\/2"}],"replies":[{"embeddable":true,"href":"https:\/\/storytellers.se\/index.php?rest_route=%2Fwp%2Fv2%2Fcomments&post=1308"}],"version-history":[{"count":0,"href":"https:\/\/storytellers.se\/index.php?rest_route=\/wp\/v2\/posts\/1308\/revisions"}],"wp:attachment":[{"href":"https:\/\/storytellers.se\/index.php?rest_route=%2Fwp%2Fv2%2Fmedia&parent=1308"}],"wp:term":[{"taxonomy":"category","embeddable":true,"href":"https:\/\/storytellers.se\/index.php?rest_route=%2Fwp%2Fv2%2Fcategories&post=1308"},{"taxonomy":"post_tag","embeddable":true,"href":"https:\/\/storytellers.se\/index.php?rest_route=%2Fwp%2Fv2%2Ftags&post=1308"}],"curies":[{"name":"wp","href":"https:\/\/api.w.org\/{rel}","templated":true}]}}