{"id":1304,"date":"2007-01-23T11:02:09","date_gmt":"2007-01-23T10:02:09","guid":{"rendered":"http:\/\/heijbel.wordpress.com\/2007\/01\/23\/gud-torkade-penslarna"},"modified":"2007-01-23T11:02:09","modified_gmt":"2007-01-23T10:02:09","slug":"gud-torkade-penslarna","status":"publish","type":"post","link":"https:\/\/storytellers.se\/?p=1304","title":{"rendered":"Gud torkade penslarna"},"content":{"rendered":"<p>I naturvetenskapen \u00e4r kraven p\u00e5 saklighet och vetenskaplighet f\u00f6rst\u00e5s stora. Jag brukar alltid h\u00e4vda att storytelling ska h\u00e5lla oss till verkligheten, vad det nu \u00e4r. Ett s\u00e4tt att beskriva exempelvis en f\u00e5gel kan ju vara detta:<\/p>\n<p><!--more--><br \/>\n&#8230;som jag hittar aprop\u00e5 en ny bok av Elena Balzamo <a href=\"http:\/\/www.svd.se\/dynamiskt\/rec_litteratur\/did_14471907.asp\">recenserad<\/a> av Erik Bergqvist i SvD. Det \u00e4r en svensk ursprungssaga om en av v\u00e5ra vackraste f\u00e5glar som g\u00e5r ungef\u00e4r s\u00e5 h\u00e4r:<br \/>\nN\u00e4r Gud skapade f\u00e5glarna var alla fr\u00e5n b\u00f6rjan gr\u00e5 s\u00e5 Gud m\u00e5lade dem i olika f\u00e4rger. Ett gult br\u00f6st d\u00e4r, en r\u00f6d hakklapp d\u00e4r och s\u00e5 vidare.<br \/>\nEn f\u00e5gel var s\u00e5 blyg att den inte v\u00e5gade sig fram f\u00f6rr\u00e4n Gud var tr\u00f6tt och b\u00f6rjade plocka ihop sina penslar. N\u00e4r Gud fick se den lilla f\u00e5geln blev han s\u00e5 r\u00f6rd att han tog penslarna och torkade av dem mot den lilla f\u00e5gelns gr\u00e5a fj\u00e4derdr\u00e4kt. Sen sa han att: Du ska heta <a href=\"http:\/\/www.bioresurs.uu.se\/myller\/jordbruk\/steglits.htm\">Steglits.<\/a><br \/>\nAlla som sett en steglits vid f\u00e5gelbordet eller ute i bland tr\u00e4den f\u00f6rst\u00e5r ber\u00e4ttelsen precis.<br \/>\nDet finns flera s\u00e5dana ber\u00e4ttelser, exempelvis i <a href=\"http:\/\/www.nationalnyckeln.se\">Nationalnyckeln,<\/a> det stora svenska artdataprojektet d\u00e4r man kan l\u00e4sa exempelvis om relationen mellan myrorna och en speciell fj\u00e4rlislarv.<br \/>\nLarven \u00e4r mycket r\u00e4dd p\u00e5 \u00e4ngen, orolig att n\u00e5n f\u00e5gel ska \u00e4ta upp den. D\u00e4rf\u00f6r blir larven glad n\u00e4r myrorna tar hand om den och transporterar den f\u00f6rsiktigt till myrstacken d\u00e4r de skyddar den. Anledningen att myrorna tar s\u00e5 v\u00e4l hand om larven \u00e4r att de \u00e4lskar sockret som de kan slicka i sig fr\u00e5n larvens rygg.<br \/>\nDet \u00e4r en fin ber\u00e4ttelse som f\u00f6rklarar en del viktiga sammanhang och samspel i ett storyformat och som kan v\u00e4cka intresse f\u00f6r sammanhang som annars bara de mycket specialiserade experterna f\u00f6rst\u00e5r. Och visst handlar det om verkligheten, p\u00e5 sitt s\u00e4tt.<\/p>\n","protected":false},"excerpt":{"rendered":"<p>I naturvetenskapen \u00e4r kraven p\u00e5 saklighet och vetenskaplighet f\u00f6rst\u00e5s stora. Jag brukar alltid h\u00e4vda att storytelling ska h\u00e5lla oss till verkligheten, vad det nu \u00e4r. Ett s\u00e4tt att beskriva exempelvis en f\u00e5gel kan ju vara detta:<\/p>\n","protected":false},"author":2,"featured_media":0,"comment_status":"open","ping_status":"closed","sticky":false,"template":"","format":"standard","meta":[],"categories":[2],"tags":[],"_links":{"self":[{"href":"https:\/\/storytellers.se\/index.php?rest_route=\/wp\/v2\/posts\/1304"}],"collection":[{"href":"https:\/\/storytellers.se\/index.php?rest_route=\/wp\/v2\/posts"}],"about":[{"href":"https:\/\/storytellers.se\/index.php?rest_route=\/wp\/v2\/types\/post"}],"author":[{"embeddable":true,"href":"https:\/\/storytellers.se\/index.php?rest_route=\/wp\/v2\/users\/2"}],"replies":[{"embeddable":true,"href":"https:\/\/storytellers.se\/index.php?rest_route=%2Fwp%2Fv2%2Fcomments&post=1304"}],"version-history":[{"count":0,"href":"https:\/\/storytellers.se\/index.php?rest_route=\/wp\/v2\/posts\/1304\/revisions"}],"wp:attachment":[{"href":"https:\/\/storytellers.se\/index.php?rest_route=%2Fwp%2Fv2%2Fmedia&parent=1304"}],"wp:term":[{"taxonomy":"category","embeddable":true,"href":"https:\/\/storytellers.se\/index.php?rest_route=%2Fwp%2Fv2%2Fcategories&post=1304"},{"taxonomy":"post_tag","embeddable":true,"href":"https:\/\/storytellers.se\/index.php?rest_route=%2Fwp%2Fv2%2Ftags&post=1304"}],"curies":[{"name":"wp","href":"https:\/\/api.w.org\/{rel}","templated":true}]}}