{"id":1302,"date":"2007-01-20T19:27:48","date_gmt":"2007-01-20T18:27:48","guid":{"rendered":"http:\/\/heijbel.wordpress.com\/2007\/01\/20\/bo-stromstedt-en-guru"},"modified":"2007-01-20T19:27:48","modified_gmt":"2007-01-20T18:27:48","slug":"bo-stromstedt-en-guru","status":"publish","type":"post","link":"https:\/\/storytellers.se\/?p=1302","title":{"rendered":"Bo Str\u00f6mstedt en guru"},"content":{"rendered":"<p>Det \u00e4r klart, sa Bo Str\u00f6mstedt, f d chefredakt\u00f6r f\u00f6r Expressen, n\u00e4r jag nyligen fr\u00e5gade honom vid en konferens om Corporate Storytelling d\u00e4r vi b\u00e5da medverkade och jag var moderator. Det \u00e4r klart, sa han, att organisationerna ska v\u00e5rda sina ber\u00e4ttelser.<\/p>\n<p><!--more--><br \/>\nBo Str\u00f6mstedt \u00e4r en guru och en av mina idoler. Ingen jag k\u00e4nner till har samma lekfulla k\u00e4rlek till det svenska spr\u00e5ket som han. N\u00e4r det kommer ned till Corporate Storytelling s\u00e5 anser han att det \u00e4r sj\u00e4lvklart att alla organisationer ska hantera sina ber\u00e4ttelser.<br \/>\nI Expressen skriver han, i g\u00e5r, om diskussionen om nationernas kanon, allts\u00e5 varje lands reflektion om att det kanske finns viss litteratur och vissa ber\u00e4ttelser som alla ska k\u00e4nna till f\u00f6r att f\u00f6rst\u00e5 exempelvis Danmark eller Sverige.<br \/>\nKanon \u00e4r en karta, s\u00e4ger Str\u00f6mstedt. Men du \u00e4r alltid fri att &#8211; p\u00e5 egen risk, till egen gl\u00e4dje &#8211; g\u00e5 vart som helst i landskapet. Kartan kan vara till hj\u00e4lp, f\u00f6r den som s\u00e5 vill, att hitta i landskapet.<br \/>\nOm jag f\u00e5r dra in detta i den kommersiella antropologins tankev\u00e4rld. Att varje f\u00f6retag och organisation ska h\u00e4vda sina ber\u00e4ttelser och bilderna av sig sj\u00e4lva och kanske p\u00e5 s\u00e5 s\u00e4tt bidra till n\u00e4ringslivets kanon, s\u00e5 kan jag s\u00e4ga att du som jobbar med kommunikation i din organisation ska reflektera \u00f6ver vad du vill att vi andra ska ber\u00e4tta om er. Var allts\u00e5 med och bygg kartan.<br \/>\nSj\u00e4lv arbetar jag f\u00f6r n\u00e4rvarande \u00e5t Visit Sweden med Sverigeber\u00e4ttelser f\u00f6r att ladda varum\u00e4rket Sverige med bilder som bygger en v\u00e4rldbildskarta karta \u00f6ver Sverige, fri att anv\u00e4nda f\u00f6r den som vill.<br \/>\nGeorg Stiernhielm \u00e4r, enligt Str\u00f6mstedt, den svenska skaldekonstens fader. Han, Stiernhielm allts\u00e5, st\u00e4ller sig mitt i den svenska sommaren och p\u00e5st\u00e5r att:<br \/>\nHj\u00e4rtans lust, si havet, huru stilla<br \/>\ndet ligger som en glittrand\u00b4 spegel,<br \/>\ns\u00e5 blankt som silver sm\u00e4lt i degel;<br \/>\nallt \u00e4r blitt och h\u00f6res ingen villa.<br \/>\nMarken st\u00e5r i flor och fullan gr\u00f6dna,<br \/>\nOch skogen b\u00e4r sitt l\u00f6v i f\u00e4gring.<\/p>\n","protected":false},"excerpt":{"rendered":"<p>Det \u00e4r klart, sa Bo Str\u00f6mstedt, f d chefredakt\u00f6r f\u00f6r Expressen, n\u00e4r jag nyligen fr\u00e5gade honom vid en konferens om Corporate Storytelling d\u00e4r vi b\u00e5da medverkade och jag var moderator. Det \u00e4r klart, sa han, att organisationerna ska v\u00e5rda sina ber\u00e4ttelser.<\/p>\n","protected":false},"author":2,"featured_media":0,"comment_status":"open","ping_status":"closed","sticky":false,"template":"","format":"standard","meta":[],"categories":[2],"tags":[],"_links":{"self":[{"href":"https:\/\/storytellers.se\/index.php?rest_route=\/wp\/v2\/posts\/1302"}],"collection":[{"href":"https:\/\/storytellers.se\/index.php?rest_route=\/wp\/v2\/posts"}],"about":[{"href":"https:\/\/storytellers.se\/index.php?rest_route=\/wp\/v2\/types\/post"}],"author":[{"embeddable":true,"href":"https:\/\/storytellers.se\/index.php?rest_route=\/wp\/v2\/users\/2"}],"replies":[{"embeddable":true,"href":"https:\/\/storytellers.se\/index.php?rest_route=%2Fwp%2Fv2%2Fcomments&post=1302"}],"version-history":[{"count":0,"href":"https:\/\/storytellers.se\/index.php?rest_route=\/wp\/v2\/posts\/1302\/revisions"}],"wp:attachment":[{"href":"https:\/\/storytellers.se\/index.php?rest_route=%2Fwp%2Fv2%2Fmedia&parent=1302"}],"wp:term":[{"taxonomy":"category","embeddable":true,"href":"https:\/\/storytellers.se\/index.php?rest_route=%2Fwp%2Fv2%2Fcategories&post=1302"},{"taxonomy":"post_tag","embeddable":true,"href":"https:\/\/storytellers.se\/index.php?rest_route=%2Fwp%2Fv2%2Ftags&post=1302"}],"curies":[{"name":"wp","href":"https:\/\/api.w.org\/{rel}","templated":true}]}}