{"id":1300,"date":"2007-01-15T15:28:43","date_gmt":"2007-01-15T14:28:43","guid":{"rendered":"http:\/\/heijbel.wordpress.com\/2007\/01\/15\/trana-pa-barnen-2"},"modified":"2007-01-15T15:28:43","modified_gmt":"2007-01-15T14:28:43","slug":"trana-pa-barnen-2","status":"publish","type":"post","link":"https:\/\/storytellers.se\/?p=1300","title":{"rendered":"Tr\u00e4na p\u00e5 barnen"},"content":{"rendered":"<p>F\u00f6rsta g\u00e5ngen jag av egen erfarenhet f\u00f6rstod kraften i Corporate Storytelling var 1999 n\u00e4r jag hade ett uppdrag att skildra ledarskapet och f\u00f6retagskulturen i ett golvl\u00e4ggarf\u00f6retag fr\u00e5n B\u00e5lsta. Det var p\u00e5 uppdrag av N\u00e4ringsdepartementets Arbetslivsdelegation och&#8230;<\/p>\n<p><!--more--><br \/>\n&#8230;jag m\u00e4rkte snart att jag genom att befolka f\u00f6retagets varum\u00e4rke med ber\u00e4ttelser om de enskilda medarbetarna och genom att skildra viktiga h\u00e4ndelser som f\u00f6retaget g\u00e5tt igenom s\u00e5 frigjordes energier.<br \/>\nBer\u00e4ttelserna som l\u00f6pande publicerades p\u00e5 n\u00e4tet hos Arbetslivsdelegationen och hos golvf\u00f6retaget p\u00e5verkade, visade det sig, f\u00f6retagets rekrytering, f\u00f6rs\u00e4ljning och organisationsutveckling. Det hela ingick i en offentlig utredning (SOU 1999:69) och i samarbete med arbetslivsforskare p\u00e5 S\u00f6det\u00f6rns H\u00f6gskola trycktes n\u00e5gra b\u00f6cker d\u00e4r jag var en del av det hela.<br \/>\nP\u00e5 det personliga planet var mina yngsta barn sju och nio vid den h\u00e4r tiden. Jag hade d\u00e5 tr\u00f6ttnat p\u00e5 att l\u00e4sa ur sagoskatten vid nattningen. I st\u00e4llet ber\u00e4ttade jag vid den tiden h\u00e4ndelser ur mitt liv.<br \/>\nPrecis s\u00e5 som s\u00e5 m\u00e5nga av oss kan minnas att mor- eller farf\u00f6r\u00e4ldrar gjorde. Jag tog sm\u00e5 episoder och h\u00e4ndelser ur mitt liv och f\u00f6rpackade dem episkt med bilder och reflektioner. H\u00e4ndelser i skolmatsalen, p\u00e5 skolg\u00e5rden, n\u00e4r jag snattade ballonger och \u00e4rtr\u00f6r ihop med Gunnar, f\u00f6rsta tjejen, smygr\u00f6kning och s\u00e5 vidare.<br \/>\nHela tiden \u00e4rligt och sant men med ber\u00e4ttandets gl\u00e4dje att ladda lite extra. Barnen \u00e4lskade det h\u00e4r och det var mycket l\u00e4ttare att f\u00e5 dem i s\u00e4ng &#8211; om det nu var det som var det viktiga. Detta byggde relation och kontinuitet.<br \/>\nJag befann mig allts\u00e5, p\u00e5 hemmaplan, mitt i ett n\u00e4stan dagligt ber\u00e4ttande d\u00e4r jag visade v\u00e4rderingar och \u00f6verf\u00f6rde kunskap och erfarenheter. Sen kom i jobbet ber\u00e4ttelserna om golvl\u00e4ggarf\u00f6retaget.<br \/>\nD\u00e4r fick jag insikten om det som denna webbplats handlar om. Ber\u00e4ttelsens betydelse och kraft. Trots att jag d\u00e5 redan i m\u00e5nga \u00e5r hade arbetat som f\u00f6rfattare och journalist var detta en stark uppt\u00e4ckt och upplevelse. Att jag innan min examen p\u00e5 Journalisth\u00f6gskolan i Stockholm ocks\u00e5 hade en fil kandexamen fr\u00e5n Uppsala med bland annat socialantropologi, religion  och etnologi gjorde att jag fick ihop det d\u00e4r med kulturkapitalet ocks\u00e5. Jag tror att kanske den st\u00f6rsta kraften i Corporate Storytelling-metoden \u00e4r att utrymmet f\u00f6r det emotionella \u00e4r st\u00f6rre \u00e4n  i vanlig faktuell redovisning.<br \/>\nEtt gott r\u00e5d f\u00f6r dig som vill prova p\u00e5 ber\u00e4ttande och de h\u00e4r teknikerna \u00e4r att tr\u00e4na p\u00e5 barnen. Egna eller andras. Och varf\u00f6r inte p\u00e5 v\u00e4nner och bekanta. S\u00e4tt dig helt enkelt sj\u00e4lv i centrum och ber\u00e4tta.<\/p>\n","protected":false},"excerpt":{"rendered":"<p>F\u00f6rsta g\u00e5ngen jag av egen erfarenhet f\u00f6rstod kraften i Corporate Storytelling var 1999 n\u00e4r jag hade ett uppdrag att skildra ledarskapet och f\u00f6retagskulturen i ett golvl\u00e4ggarf\u00f6retag fr\u00e5n B\u00e5lsta. Det var p\u00e5 uppdrag av N\u00e4ringsdepartementets Arbetslivsdelegation och&#8230;<\/p>\n","protected":false},"author":2,"featured_media":0,"comment_status":"open","ping_status":"closed","sticky":false,"template":"","format":"standard","meta":[],"categories":[2],"tags":[],"_links":{"self":[{"href":"https:\/\/storytellers.se\/index.php?rest_route=\/wp\/v2\/posts\/1300"}],"collection":[{"href":"https:\/\/storytellers.se\/index.php?rest_route=\/wp\/v2\/posts"}],"about":[{"href":"https:\/\/storytellers.se\/index.php?rest_route=\/wp\/v2\/types\/post"}],"author":[{"embeddable":true,"href":"https:\/\/storytellers.se\/index.php?rest_route=\/wp\/v2\/users\/2"}],"replies":[{"embeddable":true,"href":"https:\/\/storytellers.se\/index.php?rest_route=%2Fwp%2Fv2%2Fcomments&post=1300"}],"version-history":[{"count":0,"href":"https:\/\/storytellers.se\/index.php?rest_route=\/wp\/v2\/posts\/1300\/revisions"}],"wp:attachment":[{"href":"https:\/\/storytellers.se\/index.php?rest_route=%2Fwp%2Fv2%2Fmedia&parent=1300"}],"wp:term":[{"taxonomy":"category","embeddable":true,"href":"https:\/\/storytellers.se\/index.php?rest_route=%2Fwp%2Fv2%2Fcategories&post=1300"},{"taxonomy":"post_tag","embeddable":true,"href":"https:\/\/storytellers.se\/index.php?rest_route=%2Fwp%2Fv2%2Ftags&post=1300"}],"curies":[{"name":"wp","href":"https:\/\/api.w.org\/{rel}","templated":true}]}}