{"id":1296,"date":"2007-01-10T18:51:20","date_gmt":"2007-01-10T17:51:20","guid":{"rendered":"http:\/\/heijbel.wordpress.com\/2007\/01\/10\/utmarkt-i-offentliga-sektorn"},"modified":"2007-01-10T18:51:20","modified_gmt":"2007-01-10T17:51:20","slug":"utmarkt-i-offentliga-sektorn","status":"publish","type":"post","link":"https:\/\/storytellers.se\/?p=1296","title":{"rendered":"Utm\u00e4rkt i offentliga sektorn"},"content":{"rendered":"<p>Fr\u00e5ga:<br \/>\nArbetar du n\u00e5got med den offentliga sektorn?<br \/>\nSvar:<br \/>\nJavisst m\u00e5nga av mina uppdrag \u00e4r just d\u00e4r. Storytelling passar&#8230;<\/p>\n<p><!--more--><br \/>\n&#8230;utm\u00e4rkt hos myndigheter, kommuner, skolor och andra offentligt \u00e4gda verksamheter av olika slag. Nu bygger ju \u00e4ven den sidan av arbetslivet p\u00e5 sina varum\u00e4rken och arbetar med sina v\u00e4rderingar som de vill ha beskrivna p\u00e5 ett begripligt s\u00e4tt &#8211; vilket Corporate Storytelling-tekniken erbjuder.<br \/>\nP\u00e5 offentliga sidan har jag arbetat med bland andra V\u00e4gverket, SMHI, Arbetsmilj\u00f6verket och Energimyndigheten. Jag har ocks\u00e5 arbetat \u00e5t N\u00e4ringsdepartementet och jag har f\u00f6rel\u00e4st hos Regeringskansliet.<br \/>\nJag arbetar ocks\u00e5 med brandingen av Sverige \u00e5t myndigheter p\u00e5 den sidan genom att p\u00e5 deras uppdrag samla Sverigestories som vi tror ska kunna p\u00e5verka bilden av Sverige utomlands.<br \/>\nN\u00e4r jag \u00e4r ute i andra, ofta regionala, turistsammanhang h\u00e4r hemma \u00e4r m\u00e5nga av dem jag tr\u00e4ffar kommunanst\u00e4llda och i olika j\u00e4mst\u00e4lldhetssammanhang \u00e4r det n\u00e4stan alltid offentliga pengar som ligger bakom.<br \/>\nJag har ocks\u00e5 kontakter med kommuner och kommunala bolag och med exempelvis V\u00e4stra G\u00f6talandsregionen d\u00e4r jag \u00e4r involverad i det sp\u00e4nnande projektet med Skolmatsakademin som just ska dra ig\u00e5ng. Just nu diskuterar jag ocks\u00e5 med en kommun i Stockholms l\u00e4n som undrar om vi skulle kunna dra ig\u00e5ng ett storytellingprojekt inom \u00e4ldrev\u00e5rden.<br \/>\nEn viktig sida av allt detta, som bland annat V\u00e4gverket har insett, \u00e4r att man kan anv\u00e4nda Corporate Storytellingen f\u00f6r att underl\u00e4tta rekryteringen av personer med \u00f6nskad profil och r\u00e4tt kompetens. Just V\u00e4gverket har en h\u00f6g medel\u00e5lder och en t\u00e4mligen likartad kompetensprofil hos m\u00e5nga av de \u00e4ldre.<br \/>\nMan st\u00e5r nu inf\u00f6r stora rekryteringar de n\u00e4rmaste \u00e5ren. D\u00e5 vill man attrahera en viss del av de unga och det blir viktigt att g\u00f6ra sig synlig och attraktiv. Man m\u00e5ste d\u00e4rf\u00f6r strategiskt reflektera \u00f6ver vad man vill att ber\u00e4ttelserna ska \u00e5stadkoma innan man sk\u00f6rdar dem.<br \/>\nKonkurrensen om de b\u00e4sta unga kommer, som alla f\u00f6rtst\u00e5r, att bli stenh\u00e5rd de kommande \u00e5ren.<\/p>\n","protected":false},"excerpt":{"rendered":"<p>Fr\u00e5ga: Arbetar du n\u00e5got med den offentliga sektorn? Svar: Javisst m\u00e5nga av mina uppdrag \u00e4r just d\u00e4r. Storytelling passar&#8230;<\/p>\n","protected":false},"author":2,"featured_media":0,"comment_status":"open","ping_status":"closed","sticky":false,"template":"","format":"standard","meta":[],"categories":[6],"tags":[],"_links":{"self":[{"href":"https:\/\/storytellers.se\/index.php?rest_route=\/wp\/v2\/posts\/1296"}],"collection":[{"href":"https:\/\/storytellers.se\/index.php?rest_route=\/wp\/v2\/posts"}],"about":[{"href":"https:\/\/storytellers.se\/index.php?rest_route=\/wp\/v2\/types\/post"}],"author":[{"embeddable":true,"href":"https:\/\/storytellers.se\/index.php?rest_route=\/wp\/v2\/users\/2"}],"replies":[{"embeddable":true,"href":"https:\/\/storytellers.se\/index.php?rest_route=%2Fwp%2Fv2%2Fcomments&post=1296"}],"version-history":[{"count":0,"href":"https:\/\/storytellers.se\/index.php?rest_route=\/wp\/v2\/posts\/1296\/revisions"}],"wp:attachment":[{"href":"https:\/\/storytellers.se\/index.php?rest_route=%2Fwp%2Fv2%2Fmedia&parent=1296"}],"wp:term":[{"taxonomy":"category","embeddable":true,"href":"https:\/\/storytellers.se\/index.php?rest_route=%2Fwp%2Fv2%2Fcategories&post=1296"},{"taxonomy":"post_tag","embeddable":true,"href":"https:\/\/storytellers.se\/index.php?rest_route=%2Fwp%2Fv2%2Ftags&post=1296"}],"curies":[{"name":"wp","href":"https:\/\/api.w.org\/{rel}","templated":true}]}}