{"id":1268,"date":"2006-12-23T16:52:38","date_gmt":"2006-12-23T15:52:38","guid":{"rendered":"http:\/\/heijbel.wordpress.com\/2006\/12\/23\/var-emotionell"},"modified":"2006-12-23T16:52:38","modified_gmt":"2006-12-23T15:52:38","slug":"var-emotionell","status":"publish","type":"post","link":"https:\/\/storytellers.se\/?p=1268","title":{"rendered":"Var emotionell!"},"content":{"rendered":"<p>Fr\u00e5ga:<br \/>\nVad \u00e4r typiskt f\u00f6r inneh\u00e5llet i en story? Hur ska den vara f\u00f6r att g\u00f6ra mest nytta?<br \/>\nSvar:<br \/>\nJag talar om olika typer av stories. Men det mest kraftfulla \u00e4r f\u00f6rmodligen att fokusera de kultur- och v\u00e4rderingssb\u00e4rande ber\u00e4ttelserna och de \u00e4r ofta emotionella&#8230;<\/p>\n<p><!--more--><br \/>\n&#8230;till sin karakt\u00e4r.<br \/>\n\u00c4r det n\u00e5got vi \u00e4r bra p\u00e5 i det h\u00e4r landet s\u00e5 \u00e4r det att vara faktuella. Vi har koll p\u00e5 allt. Nyckeltal, diagram, kartor, prestanda, inneh\u00e5llsdeklarationer och s\u00e5 vidare. Det \u00e4r alldeles utm\u00e4rkt och det \u00e4r f\u00f6rst\u00e5s n\u00f6dv\u00e4ndigt att ha den typen av information.<br \/>\nMen att kommunicera betyder spr\u00e5kligt att &#8221;g\u00f6ra gemensam&#8221;. I ett kommunikationsstrategiskt perspektiv har storyn d\u00e5 en uppgift som g\u00e5r bortom det faktuella. Storyn \u00e4r d\u00e4rf\u00f6r ofta emotionell. Siktar mer mot hj\u00e4rtat \u00e4n mot hj\u00e4rnan. Mer mot k\u00e4nslan \u00e4n mot det logiska f\u00f6rnuftet.<br \/>\nD\u00e4rf\u00f6r \u00e4r det ofta de ber\u00e4ttelser som ber\u00f6r emotionellt som g\u00f6r den b\u00e4sta nyttan. Det handlar ofta om befolkade h\u00e4ndelser som tillf\u00f6r n\u00e5got som fakta inte kan kommunicera.<br \/>\nDe emotionella ber\u00e4ttelserna har en stark m\u00f6jlighet att p\u00e5verka eftersom vi \u00e4r mer p\u00e5 v\u00e5r vakt mot det faktuella \u00e4n mot det emotionella. Emotionella ber\u00e4ttelser lyckas skjuta rakt in i v\u00e5r m\u00e4nskliga existens d\u00e4r vi inte har garden lika h\u00f6gt uppe.<br \/>\nS\u00e5 vad som \u00e4r typiskt \u00e4r &#8211; ofta &#8211; att det \u00e4r emotionellt ber\u00e4ttande som skildrar befolkade h\u00e4ndelser som fungerar allra b\u00e4st. Och att det som ber\u00e4ttas \u00e4r specifikt snarare \u00e4n generellt.<br \/>\nDet finns en massa andra aspekter p\u00e5 det h\u00e4r. Till exempel n\u00e4r man ska \u00f6verf\u00f6ra kunskaper eller ber\u00e4tta om produkter. D\u00e5 kan man vara faktuell i Corporate Storytelling ocks\u00e5.<br \/>\nMen n\u00e4r man ska l\u00e4gga kulturen som ett merv\u00e4rde i sitt CS-arbete d\u00e5 g\u00e4ller oftast: Var emotionell!<\/p>\n","protected":false},"excerpt":{"rendered":"<p>Fr\u00e5ga: Vad \u00e4r typiskt f\u00f6r inneh\u00e5llet i en story? Hur ska den vara f\u00f6r att g\u00f6ra mest nytta? Svar: Jag talar om olika typer av stories. Men det mest kraftfulla \u00e4r f\u00f6rmodligen att fokusera de kultur- och v\u00e4rderingssb\u00e4rande ber\u00e4ttelserna och de \u00e4r ofta emotionella&#8230;<\/p>\n","protected":false},"author":2,"featured_media":0,"comment_status":"open","ping_status":"closed","sticky":false,"template":"","format":"standard","meta":[],"categories":[6],"tags":[],"_links":{"self":[{"href":"https:\/\/storytellers.se\/index.php?rest_route=\/wp\/v2\/posts\/1268"}],"collection":[{"href":"https:\/\/storytellers.se\/index.php?rest_route=\/wp\/v2\/posts"}],"about":[{"href":"https:\/\/storytellers.se\/index.php?rest_route=\/wp\/v2\/types\/post"}],"author":[{"embeddable":true,"href":"https:\/\/storytellers.se\/index.php?rest_route=\/wp\/v2\/users\/2"}],"replies":[{"embeddable":true,"href":"https:\/\/storytellers.se\/index.php?rest_route=%2Fwp%2Fv2%2Fcomments&post=1268"}],"version-history":[{"count":0,"href":"https:\/\/storytellers.se\/index.php?rest_route=\/wp\/v2\/posts\/1268\/revisions"}],"wp:attachment":[{"href":"https:\/\/storytellers.se\/index.php?rest_route=%2Fwp%2Fv2%2Fmedia&parent=1268"}],"wp:term":[{"taxonomy":"category","embeddable":true,"href":"https:\/\/storytellers.se\/index.php?rest_route=%2Fwp%2Fv2%2Fcategories&post=1268"},{"taxonomy":"post_tag","embeddable":true,"href":"https:\/\/storytellers.se\/index.php?rest_route=%2Fwp%2Fv2%2Ftags&post=1268"}],"curies":[{"name":"wp","href":"https:\/\/api.w.org\/{rel}","templated":true}]}}