{"id":1266,"date":"2006-12-22T20:31:55","date_gmt":"2006-12-22T19:31:55","guid":{"rendered":"http:\/\/heijbel.wordpress.com\/2006\/12\/22\/byran-fattar-inte"},"modified":"2006-12-22T20:31:55","modified_gmt":"2006-12-22T19:31:55","slug":"byran-fattar-inte","status":"publish","type":"post","link":"https:\/\/storytellers.se\/?p=1266","title":{"rendered":"Byr\u00e5n fattar inte"},"content":{"rendered":"<p>Fr\u00e5ga:<br \/>\nNu har vi f\u00f6rs\u00f6kt flera g\u00e5nger att f\u00e5 v\u00e5r byr\u00e5 att jobba med storytelling. De s\u00e4ger att de g\u00f6r det, men det blir liksom ingen riktig skillnad mot vad de brukar g\u00f6ra, tycker vi. Vad \u00e4r det som de inte fattar?<br \/>\nSvar:<br \/>\nN\u00e4stan alla som kontaktar mig, och vill diskutera eventuella uppdrag d\u00e4r de tror att jag kan hj\u00e4lpa dem med Corporate Storytelling, har en s\u00e5n ber\u00e4ttelse med sig&#8230;<\/p>\n<p><!--more--><br \/>\n&#8230;de som s\u00f6ker kontakt med mig tycker att de har en vision kring det d\u00e4r med storytelling men tycker inte att de n\u00e5r fram till byr\u00e5n eller s\u00e5 tycker de helt enkelt att byr\u00e5n inte f\u00f6rst\u00e5r vad de pratar om.<br \/>\nJag m\u00e5ste f\u00f6rst\u00e5s f\u00f6renkla f\u00f6r att svara p\u00e5 din fr\u00e5ga. S\u00e5 jag g\u00f6r det.<br \/>\nJag f\u00f6renklar och \u00f6verdriver:<br \/>\nByr\u00e5n tror att storytelling \u00e4r det samma som att ber\u00e4tta en bra story som s\u00e4ljer eller visar n\u00e5got viktigt som ni vill s\u00e4ga. Det tycker byr\u00e5n att de har h\u00e5llt p\u00e5 med alltid. Det d\u00e4r med storytelling \u00e4r bara ett nytt ord p\u00e5 n\u00e5got som alltid funnits, menar de.<br \/>\nMen Corporate Storytelling, s\u00e5 som den beskrivs p\u00e5 den h\u00e4r sidan, har sina r\u00f6tter i knowledge management och kommersiell antropologi. Den ser det som att f\u00f6retaget eller organisationen har ett ber\u00e4ttarkapital som kan anv\u00e4ndas i exempelvis rekrytering, s\u00e4lj, f\u00f6retagskulturellt byggande och organisationsutveckling.<br \/>\nBer\u00e4ttelserna finns d\u00e4r. Man beh\u00f6ver inte hitta p\u00e5. Man g\u00e5r helt enkelt in i triben och sk\u00f6rdar bland f\u00f6retags- och produktfolkloren. Sen arbetar man vidare med dessa verkliga ber\u00e4ttelser. Dramatiserar dem i en storytellerdramaturgi och s\u00e4tter corporate-storyn i arbete.<br \/>\nD\u00e5 arbetar man med CS.<br \/>\nDet h\u00e4r provocerar ibland byr\u00e5n f\u00f6r det \u00e4r en annan metod och det kr\u00e4ver en typ av kompetens som de flesta byr\u00e5er inte har. Hur m\u00e5nga kommersiella antropologer finns det t ex p\u00e5 svenska byr\u00e5er?<br \/>\nJag har flera g\u00e5nger g\u00e5tt in i s\u00e5dana sammanhang d\u00e4r ett f\u00f6retag eller en organisation vill g\u00f6ra ett storyprojekt men inte riktigt n\u00e5r fram till byr\u00e5n och kommer upp p\u00e5 storyteller-banan.<br \/>\nD\u00e5 kommer jag, st\u00e4ller en diagnos och g\u00f6r en mindre research, h\u00e5ller n\u00e5gra inspirationsf\u00f6rel\u00e4sningar f\u00f6r att alla ska f\u00f6rst\u00e5 vad det handlar om ( byr\u00e5n ocks\u00e5 ) sen tar byr\u00e5n vid. Eventuellt sitter jag som en storyanalytiker vid kanten<br \/>\nS\u00e5 kan man g\u00f6ra n\u00e4r byr\u00e5n inte fattar (direkt). Om fem \u00e5r \u00e4r detta allm\u00e4nbildning i human resource- och kommunikationsv\u00e4rlden i Sverige.<\/p>\n","protected":false},"excerpt":{"rendered":"<p>Fr\u00e5ga: Nu har vi f\u00f6rs\u00f6kt flera g\u00e5nger att f\u00e5 v\u00e5r byr\u00e5 att jobba med storytelling. De s\u00e4ger att de g\u00f6r det, men det blir liksom ingen riktig skillnad mot vad de brukar g\u00f6ra, tycker vi. Vad \u00e4r det som de inte fattar? Svar: N\u00e4stan alla som kontaktar mig, och vill diskutera eventuella uppdrag d\u00e4r de&#8230;<\/p>\n","protected":false},"author":2,"featured_media":0,"comment_status":"open","ping_status":"closed","sticky":false,"template":"","format":"standard","meta":[],"categories":[6],"tags":[],"_links":{"self":[{"href":"https:\/\/storytellers.se\/index.php?rest_route=\/wp\/v2\/posts\/1266"}],"collection":[{"href":"https:\/\/storytellers.se\/index.php?rest_route=\/wp\/v2\/posts"}],"about":[{"href":"https:\/\/storytellers.se\/index.php?rest_route=\/wp\/v2\/types\/post"}],"author":[{"embeddable":true,"href":"https:\/\/storytellers.se\/index.php?rest_route=\/wp\/v2\/users\/2"}],"replies":[{"embeddable":true,"href":"https:\/\/storytellers.se\/index.php?rest_route=%2Fwp%2Fv2%2Fcomments&post=1266"}],"version-history":[{"count":0,"href":"https:\/\/storytellers.se\/index.php?rest_route=\/wp\/v2\/posts\/1266\/revisions"}],"wp:attachment":[{"href":"https:\/\/storytellers.se\/index.php?rest_route=%2Fwp%2Fv2%2Fmedia&parent=1266"}],"wp:term":[{"taxonomy":"category","embeddable":true,"href":"https:\/\/storytellers.se\/index.php?rest_route=%2Fwp%2Fv2%2Fcategories&post=1266"},{"taxonomy":"post_tag","embeddable":true,"href":"https:\/\/storytellers.se\/index.php?rest_route=%2Fwp%2Fv2%2Ftags&post=1266"}],"curies":[{"name":"wp","href":"https:\/\/api.w.org\/{rel}","templated":true}]}}